{"id":10060,"date":"2022-03-16T14:41:28","date_gmt":"2022-03-16T13:41:28","guid":{"rendered":"https:\/\/muzeum.ostroleka.pl\/?p=10060"},"modified":"2022-03-16T14:41:28","modified_gmt":"2022-03-16T13:41:28","slug":"nowa-odslona-wystawy","status":"publish","type":"post","link":"https:\/\/muzeum.ostroleka.pl\/?p=10060","title":{"rendered":"Nowa ods\u0142ona wystawy"},"content":{"rendered":"<p style=\"text-align: justify;\">Wystawa sta\u0142a \u201eTw\u00f3rczo\u015b\u0107 \u017co\u0142nierzy powstania listopadowego na Wielkiej Emigracji\u201d w\u0142a\u015bnie wzbogaci\u0142a si\u0119 o dzie\u0142a listopadowych \u017co\u0142nierzy, pozyskane przez muzeum dzi\u0119ki Samorz\u0105dowi Wojew\u00f3dztwa Mazowieckiego, o czym informowali\u015bmy w naszych mediach. Tworzona od kilku lat kolekcja, kt\u00f3ra w pewnej cz\u0119\u015bci prezentowana jest na niniejszej wystawie, z roku na rok powi\u0119ksza si\u0119 o obrazy, grafik\u0119 czy wydania prac literackich ilustrowanych przez artyst\u00f3w, kt\u00f3rzy po upadku powstania listopadowego opu\u015bcili Kr\u00f3lestwo Polskie i udali si\u0119 na tu\u0142aczk\u0119. Opr\u00f3cz scen batalistycznych namalowanych przez Karola Malankiewicza, prezentacji wybranych formacji wojskowych, kt\u00f3re wysz\u0142y spod r\u0119ki Jana Nepomucena Lewickiego, na wystawie mo\u017cna zobaczy\u0107 portrety, sceny rodzajowe, pejza\u017ce francuskiej prowincji stworzone przez Teofila Kwiatkowskiego i Karola Malankiewicza czy rysunek ch\u0142opca na koniu wykonany przez Piotra Micha\u0142owskiego. Udost\u0119pniamy r\u00f3wnie\u017c cenne bibliofilskie albumy oprawione w sk\u00f3r\u0119: paryskie wydanie \u201eLes Polonais et Les Polonaises\u2026\u201d J\u00f3zefa Straszewicza z 1836 roku oraz album litografii Jana Nepomucena Lewickiego, w kt\u00f3rym zamieszczone zosta\u0142y m.in. prezentacje polskich stroj\u00f3w ludowych z r\u00f3\u017cnych region\u00f3w. Zapraszamy do zwiedzania.<\/p>\n<p>&nbsp;<\/p>\nngg_shortcode_0_placeholder\n","protected":false},"excerpt":{"rendered":"<p>Wystawa sta\u0142a \u201eTw\u00f3rczo\u015b\u0107 \u017co\u0142nierzy powstania listopadowego na Wielkiej Emigracji\u201d w\u0142a\u015bnie wzbogaci\u0142a si\u0119 o dzie\u0142a listopadowych \u017co\u0142nierzy, pozyskane przez muzeum dzi\u0119ki Samorz\u0105dowi Wojew\u00f3dztwa Mazowieckiego, o czym informowali\u015bmy w naszych mediach. Tworzona od kilku lat kolekcja, kt\u00f3ra w pewnej cz\u0119\u015bci prezentowana jest na niniejszej wystawie, z roku na rok powi\u0119ksza si\u0119 o obrazy, grafik\u0119 czy wydania prac [&hellip;]<\/p>\n","protected":false},"author":3,"featured_media":10065,"comment_status":"closed","ping_status":"closed","sticky":false,"template":"","format":"standard","meta":{"_acf_changed":false,"_lmt_disableupdate":"","_lmt_disable":"","_monsterinsights_skip_tracking":false,"_monsterinsights_sitenote_active":false,"_monsterinsights_sitenote_note":"","_monsterinsights_sitenote_category":0,"ngg_post_thumbnail":0,"footnotes":""},"categories":[3],"tags":[],"class_list":["post-10060","post","type-post","status-publish","format-standard","has-post-thumbnail","hentry","category-aktualnosci"],"acf":[],"modified_by":"Daniel Go\u0142a\u015b","_links":{"self":[{"href":"https:\/\/muzeum.ostroleka.pl\/index.php?rest_route=\/wp\/v2\/posts\/10060","targetHints":{"allow":["GET"]}}],"collection":[{"href":"https:\/\/muzeum.ostroleka.pl\/index.php?rest_route=\/wp\/v2\/posts"}],"about":[{"href":"https:\/\/muzeum.ostroleka.pl\/index.php?rest_route=\/wp\/v2\/types\/post"}],"author":[{"embeddable":true,"href":"https:\/\/muzeum.ostroleka.pl\/index.php?rest_route=\/wp\/v2\/users\/3"}],"replies":[{"embeddable":true,"href":"https:\/\/muzeum.ostroleka.pl\/index.php?rest_route=%2Fwp%2Fv2%2Fcomments&post=10060"}],"version-history":[{"count":1,"href":"https:\/\/muzeum.ostroleka.pl\/index.php?rest_route=\/wp\/v2\/posts\/10060\/revisions"}],"predecessor-version":[{"id":10066,"href":"https:\/\/muzeum.ostroleka.pl\/index.php?rest_route=\/wp\/v2\/posts\/10060\/revisions\/10066"}],"wp:featuredmedia":[{"embeddable":true,"href":"https:\/\/muzeum.ostroleka.pl\/index.php?rest_route=\/wp\/v2\/media\/10065"}],"wp:attachment":[{"href":"https:\/\/muzeum.ostroleka.pl\/index.php?rest_route=%2Fwp%2Fv2%2Fmedia&parent=10060"}],"wp:term":[{"taxonomy":"category","embeddable":true,"href":"https:\/\/muzeum.ostroleka.pl\/index.php?rest_route=%2Fwp%2Fv2%2Fcategories&post=10060"},{"taxonomy":"post_tag","embeddable":true,"href":"https:\/\/muzeum.ostroleka.pl\/index.php?rest_route=%2Fwp%2Fv2%2Ftags&post=10060"}],"curies":[{"name":"wp","href":"https:\/\/api.w.org\/{rel}","templated":true}]}}