{"id":10067,"date":"2022-03-17T10:54:58","date_gmt":"2022-03-17T09:54:58","guid":{"rendered":"https:\/\/muzeum.ostroleka.pl\/?p=10067"},"modified":"2022-03-17T11:13:45","modified_gmt":"2022-03-17T10:13:45","slug":"10067","status":"publish","type":"post","link":"https:\/\/muzeum.ostroleka.pl\/?p=10067","title":{"rendered":"\u201eIdo \u015awenta \u0179elgejnocy\u201d"},"content":{"rendered":"<p>Szanowni Pa\u0144stwo,<\/p>\n<p>serdecznie zapraszamy na rodzinn\u0105 imprez\u0119 \u201eIdo \u015awenta \u0179elgejnocy\u201d, kt\u00f3ra odb\u0119dzie si\u0119 w niedziel\u0119 27 marca 2022 r. Pocz\u0105tek wydarzenia o godz. 10.00. Impreza rodzinna \u201eIdo \u015awenta \u0179elgejnocy\u201d jest doskona\u0142\u0105 okazj\u0105 do poznania zwyczaj\u00f3w i tradycji wielkanocnych Kurpiowszczyzny.<\/p>\n<p>&nbsp;<\/p>\n<p>Jak co roku przygotowali\u015bmy dla Pa\u0144stwa szereg atrakcji:<\/p>\n<p>\u2013 wypiekanie i dekorowanie ciasteczek wielkanocnych w muzealnej \u201eCiasteczkarni\u201d,<\/p>\n<p>\u2013 wyplatanie koszyk\u00f3w z wikliny,<\/p>\n<p>\u2013 wykonywanie pisanek z Puszczy Zielonej (prosimy zabra\u0107 ze sob\u0105 wydmuszki jajek),<\/p>\n<p>\u2013 wicie tradycyjnych palm kurpiowskich z bibu\u0142kowych kwiat\u00f3w,<\/p>\n<p>\u2013 wykonywanie poczt\u00f3wek wielkanocnych w muzealnej \u201ePoczt\u00f3wkarni\u201d,<\/p>\n<p>\u2013 tworzenie ozd\u00f3b wielkanocnych w \u201ePracowni Artystycznej\u201d,<\/p>\n<p>\u2013 kiermasz wyrob\u00f3w \u015bwi\u0105tecznych.<\/p>\n<p>&nbsp;<\/p>\n<p>Termin: 27 marca 2020 r. w godz. 10.00\u201315.00.<\/p>\n<p>Miejsce imprezy: budynek Muzeum Kultury Kurpiowskiej przy placu gen. J. Bema 8 w Ostro\u0142\u0119ce.<\/p>\n<p>Wst\u0119p: 10 z\u0142 od osoby.<\/p>\n<p>&nbsp;<\/p>\n<p>Wi\u0119cej informacji pod numerem tel. 29&nbsp;764 54 43 wew. 43 lub poprzez e-mail: <a href=\"mailto:edukacja@muzeum.ostroleka.pl\">edukacja@muzeum.ostroleka.pl<\/a><\/p>\n","protected":false},"excerpt":{"rendered":"<p>Szanowni Pa\u0144stwo, serdecznie zapraszamy na rodzinn\u0105 imprez\u0119 \u201eIdo \u015awenta \u0179elgejnocy\u201d, kt\u00f3ra odb\u0119dzie si\u0119 w niedziel\u0119 27 marca 2022 r. Pocz\u0105tek wydarzenia o godz. 10.00. Impreza rodzinna \u201eIdo \u015awenta \u0179elgejnocy\u201d jest doskona\u0142\u0105 okazj\u0105 do poznania zwyczaj\u00f3w i tradycji wielkanocnych Kurpiowszczyzny. &nbsp; Jak co roku przygotowali\u015bmy dla Pa\u0144stwa szereg atrakcji: \u2013 wypiekanie i dekorowanie ciasteczek wielkanocnych w [&hellip;]<\/p>\n","protected":false},"author":3,"featured_media":10068,"comment_status":"closed","ping_status":"closed","sticky":false,"template":"","format":"standard","meta":{"_acf_changed":false,"_lmt_disableupdate":"","_lmt_disable":"","_monsterinsights_skip_tracking":false,"_monsterinsights_sitenote_active":false,"_monsterinsights_sitenote_note":"","_monsterinsights_sitenote_category":0,"ngg_post_thumbnail":0,"footnotes":""},"categories":[3],"tags":[],"class_list":["post-10067","post","type-post","status-publish","format-standard","has-post-thumbnail","hentry","category-aktualnosci"],"acf":[],"modified_by":"Daniel Go\u0142a\u015b","_links":{"self":[{"href":"https:\/\/muzeum.ostroleka.pl\/index.php?rest_route=\/wp\/v2\/posts\/10067","targetHints":{"allow":["GET"]}}],"collection":[{"href":"https:\/\/muzeum.ostroleka.pl\/index.php?rest_route=\/wp\/v2\/posts"}],"about":[{"href":"https:\/\/muzeum.ostroleka.pl\/index.php?rest_route=\/wp\/v2\/types\/post"}],"author":[{"embeddable":true,"href":"https:\/\/muzeum.ostroleka.pl\/index.php?rest_route=\/wp\/v2\/users\/3"}],"replies":[{"embeddable":true,"href":"https:\/\/muzeum.ostroleka.pl\/index.php?rest_route=%2Fwp%2Fv2%2Fcomments&post=10067"}],"version-history":[{"count":4,"href":"https:\/\/muzeum.ostroleka.pl\/index.php?rest_route=\/wp\/v2\/posts\/10067\/revisions"}],"predecessor-version":[{"id":10072,"href":"https:\/\/muzeum.ostroleka.pl\/index.php?rest_route=\/wp\/v2\/posts\/10067\/revisions\/10072"}],"wp:featuredmedia":[{"embeddable":true,"href":"https:\/\/muzeum.ostroleka.pl\/index.php?rest_route=\/wp\/v2\/media\/10068"}],"wp:attachment":[{"href":"https:\/\/muzeum.ostroleka.pl\/index.php?rest_route=%2Fwp%2Fv2%2Fmedia&parent=10067"}],"wp:term":[{"taxonomy":"category","embeddable":true,"href":"https:\/\/muzeum.ostroleka.pl\/index.php?rest_route=%2Fwp%2Fv2%2Fcategories&post=10067"},{"taxonomy":"post_tag","embeddable":true,"href":"https:\/\/muzeum.ostroleka.pl\/index.php?rest_route=%2Fwp%2Fv2%2Ftags&post=10067"}],"curies":[{"name":"wp","href":"https:\/\/api.w.org\/{rel}","templated":true}]}}