{"id":10127,"date":"2022-03-22T16:58:48","date_gmt":"2022-03-22T15:58:48","guid":{"rendered":"https:\/\/muzeum.ostroleka.pl\/?p=10127"},"modified":"2022-03-22T16:58:48","modified_gmt":"2022-03-22T15:58:48","slug":"pomoc-dla-mieszkancow-ukrainy","status":"publish","type":"post","link":"https:\/\/muzeum.ostroleka.pl\/?p=10127","title":{"rendered":"Pomoc dla mieszka\u0144c\u00f3w Ukrainy"},"content":{"rendered":"<p style=\"text-align: justify;\">Dzi\u0119ki wsparciu finansowemu pracownik\u00f3w Muzeum Kultury Kurpiowskiej w Ostro\u0142\u0119ce zosta\u0142y zakupione \u015brodki medyczne, produkty \u017cywno\u015bciowe oraz artyku\u0142y higieniczne. Samochodem Muzeum b\u0119d\u0105 dostarczone do Lwowa, sk\u0105d trafi\u0105 do najbardziej potrzebuj\u0105cych mieszka\u0144c\u00f3w na wschodzie Ukrainy.<\/p>\n<p>&nbsp;<\/p>\nngg_shortcode_0_placeholder\n","protected":false},"excerpt":{"rendered":"<p>Dzi\u0119ki wsparciu finansowemu pracownik\u00f3w Muzeum Kultury Kurpiowskiej w Ostro\u0142\u0119ce zosta\u0142y zakupione \u015brodki medyczne, produkty \u017cywno\u015bciowe oraz artyku\u0142y higieniczne. Samochodem Muzeum b\u0119d\u0105 dostarczone do Lwowa, sk\u0105d trafi\u0105 do najbardziej potrzebuj\u0105cych mieszka\u0144c\u00f3w na wschodzie Ukrainy. &nbsp;<\/p>\n","protected":false},"author":3,"featured_media":10135,"comment_status":"closed","ping_status":"closed","sticky":false,"template":"","format":"standard","meta":{"_acf_changed":false,"_lmt_disableupdate":"","_lmt_disable":"","_monsterinsights_skip_tracking":false,"_monsterinsights_sitenote_active":false,"_monsterinsights_sitenote_note":"","_monsterinsights_sitenote_category":0,"ngg_post_thumbnail":0,"footnotes":""},"categories":[3],"tags":[],"class_list":["post-10127","post","type-post","status-publish","format-standard","has-post-thumbnail","hentry","category-aktualnosci"],"acf":[],"modified_by":"Daniel Go\u0142a\u015b","_links":{"self":[{"href":"https:\/\/muzeum.ostroleka.pl\/index.php?rest_route=\/wp\/v2\/posts\/10127","targetHints":{"allow":["GET"]}}],"collection":[{"href":"https:\/\/muzeum.ostroleka.pl\/index.php?rest_route=\/wp\/v2\/posts"}],"about":[{"href":"https:\/\/muzeum.ostroleka.pl\/index.php?rest_route=\/wp\/v2\/types\/post"}],"author":[{"embeddable":true,"href":"https:\/\/muzeum.ostroleka.pl\/index.php?rest_route=\/wp\/v2\/users\/3"}],"replies":[{"embeddable":true,"href":"https:\/\/muzeum.ostroleka.pl\/index.php?rest_route=%2Fwp%2Fv2%2Fcomments&post=10127"}],"version-history":[{"count":3,"href":"https:\/\/muzeum.ostroleka.pl\/index.php?rest_route=\/wp\/v2\/posts\/10127\/revisions"}],"predecessor-version":[{"id":10136,"href":"https:\/\/muzeum.ostroleka.pl\/index.php?rest_route=\/wp\/v2\/posts\/10127\/revisions\/10136"}],"wp:featuredmedia":[{"embeddable":true,"href":"https:\/\/muzeum.ostroleka.pl\/index.php?rest_route=\/wp\/v2\/media\/10135"}],"wp:attachment":[{"href":"https:\/\/muzeum.ostroleka.pl\/index.php?rest_route=%2Fwp%2Fv2%2Fmedia&parent=10127"}],"wp:term":[{"taxonomy":"category","embeddable":true,"href":"https:\/\/muzeum.ostroleka.pl\/index.php?rest_route=%2Fwp%2Fv2%2Fcategories&post=10127"},{"taxonomy":"post_tag","embeddable":true,"href":"https:\/\/muzeum.ostroleka.pl\/index.php?rest_route=%2Fwp%2Fv2%2Ftags&post=10127"}],"curies":[{"name":"wp","href":"https:\/\/api.w.org\/{rel}","templated":true}]}}