{"id":10137,"date":"2022-03-23T15:10:36","date_gmt":"2022-03-23T14:10:36","guid":{"rendered":"https:\/\/muzeum.ostroleka.pl\/?p=10137"},"modified":"2022-03-24T19:10:19","modified_gmt":"2022-03-24T18:10:19","slug":"wideokonferencja-w-trakcie-warsztatow","status":"publish","type":"post","link":"https:\/\/muzeum.ostroleka.pl\/?p=10137","title":{"rendered":"Wideokonferencja w trakcie warsztat\u00f3w"},"content":{"rendered":"<p style=\"text-align: justify;\">Odwiedzi\u0142a nas dzi\u015b m\u0142odzie\u017c ze Szko\u0142y Podstawowej nr 5 w Ostro\u0142\u0119ce. Nasi go\u015bcie podczas udzia\u0142u w warsztatach wykonywania palmy kurpiowskiej nawi\u0105zali przy pomocy wideokonferencji po\u0142\u0105czenie z Marokiem, gdzie odby\u0142a si\u0119 inauguracja drugiej edycji projektu \u201ePodw\u00f3rko Wynalazc\u00f3w\u201d.<\/p>\n<p>&nbsp;<\/p>\nngg_shortcode_0_placeholder\n","protected":false},"excerpt":{"rendered":"<p>Odwiedzi\u0142a nas dzi\u015b m\u0142odzie\u017c ze Szko\u0142y Podstawowej nr 5 w Ostro\u0142\u0119ce. Nasi go\u015bcie podczas udzia\u0142u w warsztatach wykonywania palmy kurpiowskiej nawi\u0105zali przy pomocy wideokonferencji po\u0142\u0105czenie z Marokiem, gdzie odby\u0142a si\u0119 inauguracja drugiej edycji projektu \u201ePodw\u00f3rko Wynalazc\u00f3w\u201d. &nbsp;<\/p>\n","protected":false},"author":3,"featured_media":10146,"comment_status":"closed","ping_status":"closed","sticky":false,"template":"","format":"standard","meta":{"_acf_changed":false,"_lmt_disableupdate":"","_lmt_disable":"","_monsterinsights_skip_tracking":false,"_monsterinsights_sitenote_active":false,"_monsterinsights_sitenote_note":"","_monsterinsights_sitenote_category":0,"ngg_post_thumbnail":0,"footnotes":""},"categories":[3],"tags":[],"class_list":["post-10137","post","type-post","status-publish","format-standard","has-post-thumbnail","hentry","category-aktualnosci"],"acf":[],"modified_by":"Daniel Go\u0142a\u015b","_links":{"self":[{"href":"https:\/\/muzeum.ostroleka.pl\/index.php?rest_route=\/wp\/v2\/posts\/10137","targetHints":{"allow":["GET"]}}],"collection":[{"href":"https:\/\/muzeum.ostroleka.pl\/index.php?rest_route=\/wp\/v2\/posts"}],"about":[{"href":"https:\/\/muzeum.ostroleka.pl\/index.php?rest_route=\/wp\/v2\/types\/post"}],"author":[{"embeddable":true,"href":"https:\/\/muzeum.ostroleka.pl\/index.php?rest_route=\/wp\/v2\/users\/3"}],"replies":[{"embeddable":true,"href":"https:\/\/muzeum.ostroleka.pl\/index.php?rest_route=%2Fwp%2Fv2%2Fcomments&post=10137"}],"version-history":[{"count":1,"href":"https:\/\/muzeum.ostroleka.pl\/index.php?rest_route=\/wp\/v2\/posts\/10137\/revisions"}],"predecessor-version":[{"id":10147,"href":"https:\/\/muzeum.ostroleka.pl\/index.php?rest_route=\/wp\/v2\/posts\/10137\/revisions\/10147"}],"wp:featuredmedia":[{"embeddable":true,"href":"https:\/\/muzeum.ostroleka.pl\/index.php?rest_route=\/wp\/v2\/media\/10146"}],"wp:attachment":[{"href":"https:\/\/muzeum.ostroleka.pl\/index.php?rest_route=%2Fwp%2Fv2%2Fmedia&parent=10137"}],"wp:term":[{"taxonomy":"category","embeddable":true,"href":"https:\/\/muzeum.ostroleka.pl\/index.php?rest_route=%2Fwp%2Fv2%2Fcategories&post=10137"},{"taxonomy":"post_tag","embeddable":true,"href":"https:\/\/muzeum.ostroleka.pl\/index.php?rest_route=%2Fwp%2Fv2%2Ftags&post=10137"}],"curies":[{"name":"wp","href":"https:\/\/api.w.org\/{rel}","templated":true}]}}