{"id":10148,"date":"2022-03-27T14:08:06","date_gmt":"2022-03-27T13:08:06","guid":{"rendered":"https:\/\/muzeum.ostroleka.pl\/?p=10148"},"modified":"2022-03-27T14:08:06","modified_gmt":"2022-03-27T13:08:06","slug":"impreza-rodzinna-ido-swenta-zelgejnocy-za-nami","status":"publish","type":"post","link":"https:\/\/muzeum.ostroleka.pl\/?p=10148","title":{"rendered":"Impreza rodzinna \u201eIdo \u015awenta \u0179elgejnocy\u201d za nami"},"content":{"rendered":"<p>Dzi\u015b w Muzeum Kultury Kurpiowskiej odby\u0142a si\u0119 rodzinna impreza \u201eIdo \u015awenta \u0179elgejnocy\u201d. Nasi go\u015bcie wykonywali palmy wielkanocne, pisanki, stroiki \u015bwi\u0105teczne, wypiekali i zdobili ciasteczka, a nawet projektowali w\u0142asne karty z \u017cyczeniami dla najbli\u017cszych. Pod okiem tw\u00f3rc\u00f3w ludowych mo\u017cna by\u0142o nauczy\u0107 si\u0119 wspania\u0142ego, kurpiowskiego r\u0119kodzie\u0142a. Ch\u0119tni mogli r\u00f3wnie\u017c spr\u00f3bowa\u0107 swoich si\u0142 w plecionkarstwie czy tworzeniu z pszczelego wosku.<\/p>\n<p>Serdecznie dzi\u0119kujemy wszystkim uczestnikom za mi\u0142o i kreatywnie sp\u0119dzony niedzielny czas.<\/p>\nngg_shortcode_0_placeholder\n","protected":false},"excerpt":{"rendered":"<p>Dzi\u015b w Muzeum Kultury Kurpiowskiej odby\u0142a si\u0119 rodzinna impreza \u201eIdo \u015awenta \u0179elgejnocy\u201d. Nasi go\u015bcie wykonywali palmy wielkanocne, pisanki, stroiki \u015bwi\u0105teczne, wypiekali i zdobili ciasteczka, a nawet projektowali w\u0142asne karty z \u017cyczeniami dla najbli\u017cszych. Pod okiem tw\u00f3rc\u00f3w ludowych mo\u017cna by\u0142o nauczy\u0107 si\u0119 wspania\u0142ego, kurpiowskiego r\u0119kodzie\u0142a. Ch\u0119tni mogli r\u00f3wnie\u017c spr\u00f3bowa\u0107 swoich si\u0142 w plecionkarstwie czy tworzeniu z [&hellip;]<\/p>\n","protected":false},"author":3,"featured_media":10182,"comment_status":"closed","ping_status":"closed","sticky":false,"template":"","format":"standard","meta":{"_acf_changed":false,"_lmt_disableupdate":"","_lmt_disable":"","_monsterinsights_skip_tracking":false,"_monsterinsights_sitenote_active":false,"_monsterinsights_sitenote_note":"","_monsterinsights_sitenote_category":0,"ngg_post_thumbnail":0,"footnotes":""},"categories":[3],"tags":[],"class_list":["post-10148","post","type-post","status-publish","format-standard","has-post-thumbnail","hentry","category-aktualnosci"],"acf":[],"modified_by":"Daniel Go\u0142a\u015b","_links":{"self":[{"href":"https:\/\/muzeum.ostroleka.pl\/index.php?rest_route=\/wp\/v2\/posts\/10148","targetHints":{"allow":["GET"]}}],"collection":[{"href":"https:\/\/muzeum.ostroleka.pl\/index.php?rest_route=\/wp\/v2\/posts"}],"about":[{"href":"https:\/\/muzeum.ostroleka.pl\/index.php?rest_route=\/wp\/v2\/types\/post"}],"author":[{"embeddable":true,"href":"https:\/\/muzeum.ostroleka.pl\/index.php?rest_route=\/wp\/v2\/users\/3"}],"replies":[{"embeddable":true,"href":"https:\/\/muzeum.ostroleka.pl\/index.php?rest_route=%2Fwp%2Fv2%2Fcomments&post=10148"}],"version-history":[{"count":1,"href":"https:\/\/muzeum.ostroleka.pl\/index.php?rest_route=\/wp\/v2\/posts\/10148\/revisions"}],"predecessor-version":[{"id":10183,"href":"https:\/\/muzeum.ostroleka.pl\/index.php?rest_route=\/wp\/v2\/posts\/10148\/revisions\/10183"}],"wp:featuredmedia":[{"embeddable":true,"href":"https:\/\/muzeum.ostroleka.pl\/index.php?rest_route=\/wp\/v2\/media\/10182"}],"wp:attachment":[{"href":"https:\/\/muzeum.ostroleka.pl\/index.php?rest_route=%2Fwp%2Fv2%2Fmedia&parent=10148"}],"wp:term":[{"taxonomy":"category","embeddable":true,"href":"https:\/\/muzeum.ostroleka.pl\/index.php?rest_route=%2Fwp%2Fv2%2Fcategories&post=10148"},{"taxonomy":"post_tag","embeddable":true,"href":"https:\/\/muzeum.ostroleka.pl\/index.php?rest_route=%2Fwp%2Fv2%2Ftags&post=10148"}],"curies":[{"name":"wp","href":"https:\/\/api.w.org\/{rel}","templated":true}]}}