{"id":10200,"date":"2022-03-30T10:49:38","date_gmt":"2022-03-30T09:49:38","guid":{"rendered":"https:\/\/muzeum.ostroleka.pl\/?p=10200"},"modified":"2022-03-30T10:51:56","modified_gmt":"2022-03-30T09:51:56","slug":"wyklad-polska-ofensywa-wiosenna-w-powstaniu-listopadowym","status":"publish","type":"post","link":"https:\/\/muzeum.ostroleka.pl\/?p=10200","title":{"rendered":"Wyk\u0142ad \u201ePolska ofensywa wiosenna w powstaniu listopadowym\u201d"},"content":{"rendered":"<p style=\"text-align: justify;\">Szanowni Pa\u0144stwo,<\/p>\n<p style=\"text-align: justify;\">zbli\u017ca si\u0119 rocznica przeprowadzenia polskiej ofensywy wiosennej w powstaniu listopadowym. Jak dosz\u0142o do ofensywy oraz jakie towarzyszy\u0142y temu okoliczno\u015bci opowie Pa\u0144stwu Krzysztof Augustyniak w prezentowanym poni\u017cej materiale filmowym.<\/p>\n<p>&nbsp;<\/p>\n<p><iframe loading=\"lazy\" title=\"Wyk\u0142ad \u201ePolska ofensywa wiosenna w powstaniu listopadowym\u201d\" width=\"500\" height=\"281\" src=\"https:\/\/www.youtube.com\/embed\/R9-oVw81R08?feature=oembed\" frameborder=\"0\" allow=\"accelerometer; autoplay; clipboard-write; encrypted-media; gyroscope; picture-in-picture; web-share\" referrerpolicy=\"strict-origin-when-cross-origin\" allowfullscreen><\/iframe><\/p>\n","protected":false},"excerpt":{"rendered":"<p>Szanowni Pa\u0144stwo, zbli\u017ca si\u0119 rocznica przeprowadzenia polskiej ofensywy wiosennej w powstaniu listopadowym. Jak dosz\u0142o do ofensywy oraz jakie towarzyszy\u0142y temu okoliczno\u015bci opowie Pa\u0144stwu Krzysztof Augustyniak w prezentowanym poni\u017cej materiale filmowym. &nbsp;<\/p>\n","protected":false},"author":3,"featured_media":10202,"comment_status":"closed","ping_status":"closed","sticky":false,"template":"","format":"standard","meta":{"_acf_changed":false,"_lmt_disableupdate":"","_lmt_disable":"","_monsterinsights_skip_tracking":false,"_monsterinsights_sitenote_active":false,"_monsterinsights_sitenote_note":"","_monsterinsights_sitenote_category":0,"ngg_post_thumbnail":0,"footnotes":""},"categories":[3,55],"tags":[],"class_list":["post-10200","post","type-post","status-publish","format-standard","has-post-thumbnail","hentry","category-aktualnosci","category-wirtualne-muzeum"],"acf":[],"modified_by":"Daniel Go\u0142a\u015b","_links":{"self":[{"href":"https:\/\/muzeum.ostroleka.pl\/index.php?rest_route=\/wp\/v2\/posts\/10200","targetHints":{"allow":["GET"]}}],"collection":[{"href":"https:\/\/muzeum.ostroleka.pl\/index.php?rest_route=\/wp\/v2\/posts"}],"about":[{"href":"https:\/\/muzeum.ostroleka.pl\/index.php?rest_route=\/wp\/v2\/types\/post"}],"author":[{"embeddable":true,"href":"https:\/\/muzeum.ostroleka.pl\/index.php?rest_route=\/wp\/v2\/users\/3"}],"replies":[{"embeddable":true,"href":"https:\/\/muzeum.ostroleka.pl\/index.php?rest_route=%2Fwp%2Fv2%2Fcomments&post=10200"}],"version-history":[{"count":1,"href":"https:\/\/muzeum.ostroleka.pl\/index.php?rest_route=\/wp\/v2\/posts\/10200\/revisions"}],"predecessor-version":[{"id":10201,"href":"https:\/\/muzeum.ostroleka.pl\/index.php?rest_route=\/wp\/v2\/posts\/10200\/revisions\/10201"}],"wp:featuredmedia":[{"embeddable":true,"href":"https:\/\/muzeum.ostroleka.pl\/index.php?rest_route=\/wp\/v2\/media\/10202"}],"wp:attachment":[{"href":"https:\/\/muzeum.ostroleka.pl\/index.php?rest_route=%2Fwp%2Fv2%2Fmedia&parent=10200"}],"wp:term":[{"taxonomy":"category","embeddable":true,"href":"https:\/\/muzeum.ostroleka.pl\/index.php?rest_route=%2Fwp%2Fv2%2Fcategories&post=10200"},{"taxonomy":"post_tag","embeddable":true,"href":"https:\/\/muzeum.ostroleka.pl\/index.php?rest_route=%2Fwp%2Fv2%2Ftags&post=10200"}],"curies":[{"name":"wp","href":"https:\/\/api.w.org\/{rel}","templated":true}]}}