{"id":10306,"date":"2022-04-05T12:33:13","date_gmt":"2022-04-05T11:33:13","guid":{"rendered":"https:\/\/muzeum.ostroleka.pl\/?p=10306"},"modified":"2022-04-05T12:33:13","modified_gmt":"2022-04-05T11:33:13","slug":"rysunek-stanislawa-skolimowskiego","status":"publish","type":"post","link":"https:\/\/muzeum.ostroleka.pl\/?p=10306","title":{"rendered":"Rysunek Stanis\u0142awa Skolimowskiego"},"content":{"rendered":"<p style=\"text-align: justify;\">\u201eNiedziela Palmowa na Kurpiowszczy\u017anie\u201d. Taki tytu\u0142 Stanis\u0142aw Skolimowski nada\u0142 rysunkowi z 1980 roku. Krzy\u017c na osi kompozycji, pod nim kap\u0142an w ornacie. Po bokach grupki kobiet okutanych w chusty i niekiedy zaledwie zarysowanych, trzymaj\u0105cych wysokie palmy odchylone symetrycznie, po trzy z ka\u017cdej strony osi. To widok z pozycji obserwatora, sprzed wr\u00f3t niewielkiego ko\u015bcio\u0142a, nieco z boku. Zapis sceny zastanej, kameralnej. Nie ma tu t\u0142oku, gwaru, zaciekawienia, fleszy jak podczas Niedzieli Palmowej w \u0141ysech. Jest skupienie, prze\u017cycie, uczestnictwo. Z trudem mo\u017cemy t\u0119 scen\u0119 wyobrazi\u0107 sobie w kolorach. A przecie\u017c by\u0142a barwna. Niekszta\u0142tne, niespokojne, jedynie schematycznie i spiralnie przyozdobione tyczki, ujmuj\u0105ce wybijaj\u0105cy si\u0119 w tej kompozycji krzy\u017c, zdaj\u0105 si\u0119 zapowiada\u0107 M\u0119k\u0119 Pa\u0144sk\u0105. Mo\u017cemy odnie\u015b\u0107 wra\u017cenie, \u017ce lekko zakrzywiona linia odchodz\u0105ca od sygnatury autora umieszczonej w lewym dolnym rogu rysunku, przekracza pr\u00f3g \u015bwi\u0105tyni i \u0142\u0105czy z jedn\u0105 z palm po lewej stronie sceny. Nie mamy u Skolimowskiego ludno-barwnego korowodu Kurpi\u00f3w z przepysznymi, barwnymi i misternie wykonanymi palmami. Ale zar\u00f3wno w czarno-bia\u0142ej scenie z wn\u0119trza ko\u015bci\u00f3\u0142ka, jak i w\u015br\u00f3d wsp\u00f3\u0142czesnej, gwarnej i jarmarcznej rzeczywisto\u015bci g\u0142\u00f3wnej uroczysto\u015bci Niedzieli Palmowej na Kurpiach dziej\u0105 si\u0119 misteria. (bk)<\/p>\n<p>&nbsp;<\/p>\n<p style=\"text-align: justify;\">Rysunek Stanis\u0142awa Skolimowskiego, \u201eNiedziela Palmowa na Kurpiowszczy\u017anie\u201d, 1980 rok, sygn., papier, tusz, nr inw. MOO\/S\/1256.<\/p>\n","protected":false},"excerpt":{"rendered":"<p>\u201eNiedziela Palmowa na Kurpiowszczy\u017anie\u201d. Taki tytu\u0142 Stanis\u0142aw Skolimowski nada\u0142 rysunkowi z 1980 roku. Krzy\u017c na osi kompozycji, pod nim kap\u0142an w ornacie. Po bokach grupki kobiet okutanych w chusty i niekiedy zaledwie zarysowanych, trzymaj\u0105cych wysokie palmy odchylone symetrycznie, po trzy z ka\u017cdej strony osi. To widok z pozycji obserwatora, sprzed wr\u00f3t niewielkiego ko\u015bcio\u0142a, nieco z [&hellip;]<\/p>\n","protected":false},"author":3,"featured_media":10307,"comment_status":"closed","ping_status":"closed","sticky":false,"template":"","format":"standard","meta":{"_acf_changed":false,"_lmt_disableupdate":"","_lmt_disable":"","_monsterinsights_skip_tracking":false,"_monsterinsights_sitenote_active":false,"_monsterinsights_sitenote_note":"","_monsterinsights_sitenote_category":0,"ngg_post_thumbnail":0,"footnotes":""},"categories":[3,55],"tags":[],"class_list":["post-10306","post","type-post","status-publish","format-standard","has-post-thumbnail","hentry","category-aktualnosci","category-wirtualne-muzeum"],"acf":[],"modified_by":"Daniel Go\u0142a\u015b","_links":{"self":[{"href":"https:\/\/muzeum.ostroleka.pl\/index.php?rest_route=\/wp\/v2\/posts\/10306","targetHints":{"allow":["GET"]}}],"collection":[{"href":"https:\/\/muzeum.ostroleka.pl\/index.php?rest_route=\/wp\/v2\/posts"}],"about":[{"href":"https:\/\/muzeum.ostroleka.pl\/index.php?rest_route=\/wp\/v2\/types\/post"}],"author":[{"embeddable":true,"href":"https:\/\/muzeum.ostroleka.pl\/index.php?rest_route=\/wp\/v2\/users\/3"}],"replies":[{"embeddable":true,"href":"https:\/\/muzeum.ostroleka.pl\/index.php?rest_route=%2Fwp%2Fv2%2Fcomments&post=10306"}],"version-history":[{"count":1,"href":"https:\/\/muzeum.ostroleka.pl\/index.php?rest_route=\/wp\/v2\/posts\/10306\/revisions"}],"predecessor-version":[{"id":10308,"href":"https:\/\/muzeum.ostroleka.pl\/index.php?rest_route=\/wp\/v2\/posts\/10306\/revisions\/10308"}],"wp:featuredmedia":[{"embeddable":true,"href":"https:\/\/muzeum.ostroleka.pl\/index.php?rest_route=\/wp\/v2\/media\/10307"}],"wp:attachment":[{"href":"https:\/\/muzeum.ostroleka.pl\/index.php?rest_route=%2Fwp%2Fv2%2Fmedia&parent=10306"}],"wp:term":[{"taxonomy":"category","embeddable":true,"href":"https:\/\/muzeum.ostroleka.pl\/index.php?rest_route=%2Fwp%2Fv2%2Fcategories&post=10306"},{"taxonomy":"post_tag","embeddable":true,"href":"https:\/\/muzeum.ostroleka.pl\/index.php?rest_route=%2Fwp%2Fv2%2Ftags&post=10306"}],"curies":[{"name":"wp","href":"https:\/\/api.w.org\/{rel}","templated":true}]}}