{"id":10309,"date":"2022-04-07T12:46:41","date_gmt":"2022-04-07T11:46:41","guid":{"rendered":"https:\/\/muzeum.ostroleka.pl\/?p=10309"},"modified":"2022-04-07T12:46:41","modified_gmt":"2022-04-07T11:46:41","slug":"w-muzealnej-pracowni-powstaja-palmy-i-pisanki","status":"publish","type":"post","link":"https:\/\/muzeum.ostroleka.pl\/?p=10309","title":{"rendered":"W muzealnej pracowni powstaj\u0105 palmy i pisanki"},"content":{"rendered":"<p style=\"text-align: justify;\">Od po\u0142owy marca w naszym Muzeum odbywaj\u0105 si\u0119 warsztaty etnograficzne \u201eWielkanoc na Kurpiach\u201d. Uczestnicy zaj\u0119\u0107 poznaj\u0105 tradycje naszego regionu zwi\u0105zane ze \u015bwi\u0119tami Wielkanocy. Dzieci i m\u0142odzie\u017c ucz\u0105 si\u0119 o przygotowaniach Kurpi\u00f3w do \u015bwi\u0105t, panuj\u0105cych dawniej zwyczajach oraz wykonuj\u0105 tradycyjne pisanki i palmy wielkanocne.<\/p>\nngg_shortcode_0_placeholder\n","protected":false},"excerpt":{"rendered":"<p>Od po\u0142owy marca w naszym Muzeum odbywaj\u0105 si\u0119 warsztaty etnograficzne \u201eWielkanoc na Kurpiach\u201d. Uczestnicy zaj\u0119\u0107 poznaj\u0105 tradycje naszego regionu zwi\u0105zane ze \u015bwi\u0119tami Wielkanocy. Dzieci i m\u0142odzie\u017c ucz\u0105 si\u0119 o przygotowaniach Kurpi\u00f3w do \u015bwi\u0105t, panuj\u0105cych dawniej zwyczajach oraz wykonuj\u0105 tradycyjne pisanki i palmy wielkanocne.<\/p>\n","protected":false},"author":3,"featured_media":10335,"comment_status":"closed","ping_status":"closed","sticky":false,"template":"","format":"standard","meta":{"_acf_changed":false,"_lmt_disableupdate":"","_lmt_disable":"","_monsterinsights_skip_tracking":false,"_monsterinsights_sitenote_active":false,"_monsterinsights_sitenote_note":"","_monsterinsights_sitenote_category":0,"ngg_post_thumbnail":0,"footnotes":""},"categories":[3],"tags":[],"class_list":["post-10309","post","type-post","status-publish","format-standard","has-post-thumbnail","hentry","category-aktualnosci"],"acf":[],"modified_by":"Daniel Go\u0142a\u015b","_links":{"self":[{"href":"https:\/\/muzeum.ostroleka.pl\/index.php?rest_route=\/wp\/v2\/posts\/10309","targetHints":{"allow":["GET"]}}],"collection":[{"href":"https:\/\/muzeum.ostroleka.pl\/index.php?rest_route=\/wp\/v2\/posts"}],"about":[{"href":"https:\/\/muzeum.ostroleka.pl\/index.php?rest_route=\/wp\/v2\/types\/post"}],"author":[{"embeddable":true,"href":"https:\/\/muzeum.ostroleka.pl\/index.php?rest_route=\/wp\/v2\/users\/3"}],"replies":[{"embeddable":true,"href":"https:\/\/muzeum.ostroleka.pl\/index.php?rest_route=%2Fwp%2Fv2%2Fcomments&post=10309"}],"version-history":[{"count":1,"href":"https:\/\/muzeum.ostroleka.pl\/index.php?rest_route=\/wp\/v2\/posts\/10309\/revisions"}],"predecessor-version":[{"id":10334,"href":"https:\/\/muzeum.ostroleka.pl\/index.php?rest_route=\/wp\/v2\/posts\/10309\/revisions\/10334"}],"wp:featuredmedia":[{"embeddable":true,"href":"https:\/\/muzeum.ostroleka.pl\/index.php?rest_route=\/wp\/v2\/media\/10335"}],"wp:attachment":[{"href":"https:\/\/muzeum.ostroleka.pl\/index.php?rest_route=%2Fwp%2Fv2%2Fmedia&parent=10309"}],"wp:term":[{"taxonomy":"category","embeddable":true,"href":"https:\/\/muzeum.ostroleka.pl\/index.php?rest_route=%2Fwp%2Fv2%2Fcategories&post=10309"},{"taxonomy":"post_tag","embeddable":true,"href":"https:\/\/muzeum.ostroleka.pl\/index.php?rest_route=%2Fwp%2Fv2%2Ftags&post=10309"}],"curies":[{"name":"wp","href":"https:\/\/api.w.org\/{rel}","templated":true}]}}