{"id":10695,"date":"2022-05-08T16:55:14","date_gmt":"2022-05-08T15:55:14","guid":{"rendered":"https:\/\/muzeum.ostroleka.pl\/?p=10695"},"modified":"2022-05-14T15:04:30","modified_gmt":"2022-05-14T14:04:30","slug":"uczestnicy-podrozniczego-spotkania-poznali-ugande","status":"publish","type":"post","link":"https:\/\/muzeum.ostroleka.pl\/?p=10695","title":{"rendered":"Uczestnicy podr\u00f3\u017cniczego spotkania poznali Ugand\u0119"},"content":{"rendered":"<p style=\"text-align: justify;\">Dobieg\u0142o ko\u0144ca ostatnie ju\u017c spotkanie z cyklu \u201eAfryka okiem podr\u00f3\u017cnika\u201d. Dzi\u015b pani Wanda Piersa podzieli\u0142a si\u0119 z nami wspomnieniem z podr\u00f3\u017cy do Ugandy. Mieli\u015bmy okazj\u0119 pos\u0142ucha\u0107 o \u017cyciu mieszka\u0144c\u00f3w, pozna\u0107 niekt\u00f3re tamtejsze zwyczaje oraz zobaczy\u0107 wspania\u0142e fotografie i pami\u0105tki z tej niezwyk\u0142ej i fascynuj\u0105cej wyprawy do Afryki.<\/p>\nngg_shortcode_0_placeholder\n","protected":false},"excerpt":{"rendered":"<p>Dobieg\u0142o ko\u0144ca ostatnie ju\u017c spotkanie z cyklu \u201eAfryka okiem podr\u00f3\u017cnika\u201d. Dzi\u015b pani Wanda Piersa podzieli\u0142a si\u0119 z nami wspomnieniem z podr\u00f3\u017cy do Ugandy. Mieli\u015bmy okazj\u0119 pos\u0142ucha\u0107 o \u017cyciu mieszka\u0144c\u00f3w, pozna\u0107 niekt\u00f3re tamtejsze zwyczaje oraz zobaczy\u0107 wspania\u0142e fotografie i pami\u0105tki z tej niezwyk\u0142ej i fascynuj\u0105cej wyprawy do Afryki.<\/p>\n","protected":false},"author":3,"featured_media":10704,"comment_status":"closed","ping_status":"closed","sticky":false,"template":"","format":"standard","meta":{"_acf_changed":false,"_lmt_disableupdate":"","_lmt_disable":"","_monsterinsights_skip_tracking":false,"_monsterinsights_sitenote_active":false,"_monsterinsights_sitenote_note":"","_monsterinsights_sitenote_category":0,"ngg_post_thumbnail":0,"footnotes":""},"categories":[3],"tags":[],"class_list":["post-10695","post","type-post","status-publish","format-standard","has-post-thumbnail","hentry","category-aktualnosci"],"acf":[],"modified_by":"Daniel Go\u0142a\u015b","_links":{"self":[{"href":"https:\/\/muzeum.ostroleka.pl\/index.php?rest_route=\/wp\/v2\/posts\/10695","targetHints":{"allow":["GET"]}}],"collection":[{"href":"https:\/\/muzeum.ostroleka.pl\/index.php?rest_route=\/wp\/v2\/posts"}],"about":[{"href":"https:\/\/muzeum.ostroleka.pl\/index.php?rest_route=\/wp\/v2\/types\/post"}],"author":[{"embeddable":true,"href":"https:\/\/muzeum.ostroleka.pl\/index.php?rest_route=\/wp\/v2\/users\/3"}],"replies":[{"embeddable":true,"href":"https:\/\/muzeum.ostroleka.pl\/index.php?rest_route=%2Fwp%2Fv2%2Fcomments&post=10695"}],"version-history":[{"count":1,"href":"https:\/\/muzeum.ostroleka.pl\/index.php?rest_route=\/wp\/v2\/posts\/10695\/revisions"}],"predecessor-version":[{"id":10705,"href":"https:\/\/muzeum.ostroleka.pl\/index.php?rest_route=\/wp\/v2\/posts\/10695\/revisions\/10705"}],"wp:featuredmedia":[{"embeddable":true,"href":"https:\/\/muzeum.ostroleka.pl\/index.php?rest_route=\/wp\/v2\/media\/10704"}],"wp:attachment":[{"href":"https:\/\/muzeum.ostroleka.pl\/index.php?rest_route=%2Fwp%2Fv2%2Fmedia&parent=10695"}],"wp:term":[{"taxonomy":"category","embeddable":true,"href":"https:\/\/muzeum.ostroleka.pl\/index.php?rest_route=%2Fwp%2Fv2%2Fcategories&post=10695"},{"taxonomy":"post_tag","embeddable":true,"href":"https:\/\/muzeum.ostroleka.pl\/index.php?rest_route=%2Fwp%2Fv2%2Ftags&post=10695"}],"curies":[{"name":"wp","href":"https:\/\/api.w.org\/{rel}","templated":true}]}}