{"id":10717,"date":"2022-05-18T08:28:47","date_gmt":"2022-05-18T07:28:47","guid":{"rendered":"https:\/\/muzeum.ostroleka.pl\/?p=10717"},"modified":"2022-05-18T08:28:47","modified_gmt":"2022-05-18T07:28:47","slug":"miedzynarodowy-dzien-muzeow-2","status":"publish","type":"post","link":"https:\/\/muzeum.ostroleka.pl\/?p=10717","title":{"rendered":"Mi\u0119dzynarodowy Dzie\u0144 Muze\u00f3w"},"content":{"rendered":"<p style=\"text-align: justify;\">18 maja przypada Mi\u0119dzynarodowy Dzie\u0144 Muze\u00f3w. Muzealnikom w dniu ich \u015bwi\u0119ta \u017cycz\u0119 w \u017cyciu osobistym pomy\u015blno\u015bci, w pracy satysfakcji zawodowej, wytrwa\u0142o\u015bci w realizacji zamierze\u0144, wielu lat pe\u0142nych sukces\u00f3w.<\/p>\n<p>Maria Samsel<\/p>\n","protected":false},"excerpt":{"rendered":"<p>18 maja przypada Mi\u0119dzynarodowy Dzie\u0144 Muze\u00f3w. Muzealnikom w dniu ich \u015bwi\u0119ta \u017cycz\u0119 w \u017cyciu osobistym pomy\u015blno\u015bci, w pracy satysfakcji zawodowej, wytrwa\u0142o\u015bci w realizacji zamierze\u0144, wielu lat pe\u0142nych sukces\u00f3w. Maria Samsel<\/p>\n","protected":false},"author":3,"featured_media":10718,"comment_status":"closed","ping_status":"closed","sticky":false,"template":"","format":"standard","meta":{"_acf_changed":false,"_lmt_disableupdate":"","_lmt_disable":"","_monsterinsights_skip_tracking":false,"_monsterinsights_sitenote_active":false,"_monsterinsights_sitenote_note":"","_monsterinsights_sitenote_category":0,"ngg_post_thumbnail":0,"footnotes":""},"categories":[3],"tags":[],"class_list":["post-10717","post","type-post","status-publish","format-standard","has-post-thumbnail","hentry","category-aktualnosci"],"acf":[],"modified_by":"Daniel Go\u0142a\u015b","_links":{"self":[{"href":"https:\/\/muzeum.ostroleka.pl\/index.php?rest_route=\/wp\/v2\/posts\/10717","targetHints":{"allow":["GET"]}}],"collection":[{"href":"https:\/\/muzeum.ostroleka.pl\/index.php?rest_route=\/wp\/v2\/posts"}],"about":[{"href":"https:\/\/muzeum.ostroleka.pl\/index.php?rest_route=\/wp\/v2\/types\/post"}],"author":[{"embeddable":true,"href":"https:\/\/muzeum.ostroleka.pl\/index.php?rest_route=\/wp\/v2\/users\/3"}],"replies":[{"embeddable":true,"href":"https:\/\/muzeum.ostroleka.pl\/index.php?rest_route=%2Fwp%2Fv2%2Fcomments&post=10717"}],"version-history":[{"count":2,"href":"https:\/\/muzeum.ostroleka.pl\/index.php?rest_route=\/wp\/v2\/posts\/10717\/revisions"}],"predecessor-version":[{"id":10720,"href":"https:\/\/muzeum.ostroleka.pl\/index.php?rest_route=\/wp\/v2\/posts\/10717\/revisions\/10720"}],"wp:featuredmedia":[{"embeddable":true,"href":"https:\/\/muzeum.ostroleka.pl\/index.php?rest_route=\/wp\/v2\/media\/10718"}],"wp:attachment":[{"href":"https:\/\/muzeum.ostroleka.pl\/index.php?rest_route=%2Fwp%2Fv2%2Fmedia&parent=10717"}],"wp:term":[{"taxonomy":"category","embeddable":true,"href":"https:\/\/muzeum.ostroleka.pl\/index.php?rest_route=%2Fwp%2Fv2%2Fcategories&post=10717"},{"taxonomy":"post_tag","embeddable":true,"href":"https:\/\/muzeum.ostroleka.pl\/index.php?rest_route=%2Fwp%2Fv2%2Ftags&post=10717"}],"curies":[{"name":"wp","href":"https:\/\/api.w.org\/{rel}","templated":true}]}}