{"id":10734,"date":"2022-05-19T13:34:36","date_gmt":"2022-05-19T12:34:36","guid":{"rendered":"https:\/\/muzeum.ostroleka.pl\/?p=10734"},"modified":"2022-05-19T16:38:51","modified_gmt":"2022-05-19T15:38:51","slug":"zaproszenie-na-konferencje","status":"publish","type":"post","link":"https:\/\/muzeum.ostroleka.pl\/?p=10734","title":{"rendered":"Zaproszenie na konferencj\u0119"},"content":{"rendered":"<p style=\"text-align: justify;\">Muzeum Kultury Kurpiowskiej w Ostro\u0142\u0119ce zaprasza na konferencj\u0119 pt. \u201eOstro\u0142\u0119ckie Spotkania Historyczne\u201d. Wydarzenie jest form\u0105 uczczenia 191. rocznicy bitwy pod Ostro\u0142\u0119k\u0105. Zaplanowane referaty porusza\u0107 b\u0119d\u0105 temat powstania listopadowego nie tylko w kontek\u015bcie dzia\u0142a\u0144 militarnych, lecz tak\u017ce zagadnie\u0144 zwi\u0105zanych z popularyzacj\u0105 wiedzy na temat zrywu czy trosk\u0105 o materialne dziedzictwo wspomnianego wydarzenia. Pocz\u0105tek konferencji \u2013 godz. 10.00.<\/p>\n<p>&nbsp;<\/p>\n<p><strong>Program konferencji:<\/strong><\/p>\n<p><strong>10.00<\/strong> \u2013 Przywitanie go\u015bci.<br \/>\n<strong>10.10\u201310.30<\/strong>&nbsp;\u201ePowstanie listopadowe w edukacji szkolnej i pozaszkolnej\u201d \u2013 dr hab. Jan Miro\u0144czuk, prof. WSTS.<br \/>\n<strong>10.30\u201310.50<\/strong> \u201ePowstanie listopadowe w dzia\u0142alno\u015bci naukowej Ostro\u0142\u0119ckiego Towarzystwa Naukowego im. Adama Ch\u0119tnika\u201d \u2013 dr Jerzy Kijowski.<br \/>\n<strong>10.50\u201311.10<\/strong> \u201ePowstanie listopadowe w turystyce historycznej\u201d \u2013 dr Marek Niewiadomski.<br \/>\n<strong>11.10\u201311.30<\/strong> \u201eKurpie w powstaniu listopadowym \u2013 mity historiograficzne a prawda historyczna\u201d \u2013 mgr Krzysztof Augustyniak.<br \/>\n<strong>11.30\u201311.50<\/strong> \u201ePowstanie listopadowe w zbiorach Muzeum Kultury Kurpiowskiej w Ostro\u0142\u0119ce\u201d \u2013 mgr Joanna Zy\u015bk.<br \/>\n<strong>11.50\u201312.00<\/strong> Dyskusja i zamkni\u0119cie konferencji.<\/p>\n<p>Serdecznie zapraszamy!<\/p>\n<p>&nbsp;<\/p>\n","protected":false},"excerpt":{"rendered":"<p>Muzeum Kultury Kurpiowskiej w Ostro\u0142\u0119ce zaprasza na konferencj\u0119 pt. \u201eOstro\u0142\u0119ckie Spotkania Historyczne\u201d. Wydarzenie jest form\u0105 uczczenia 191. rocznicy bitwy pod Ostro\u0142\u0119k\u0105. Zaplanowane referaty porusza\u0107 b\u0119d\u0105 temat powstania listopadowego nie tylko w kontek\u015bcie dzia\u0142a\u0144 militarnych, lecz tak\u017ce zagadnie\u0144 zwi\u0105zanych z popularyzacj\u0105 wiedzy na temat zrywu czy trosk\u0105 o materialne dziedzictwo wspomnianego wydarzenia. Pocz\u0105tek konferencji \u2013 godz. [&hellip;]<\/p>\n","protected":false},"author":3,"featured_media":10749,"comment_status":"closed","ping_status":"closed","sticky":false,"template":"","format":"standard","meta":{"_acf_changed":false,"_lmt_disableupdate":"","_lmt_disable":"","_monsterinsights_skip_tracking":false,"_monsterinsights_sitenote_active":false,"_monsterinsights_sitenote_note":"","_monsterinsights_sitenote_category":0,"ngg_post_thumbnail":0,"footnotes":""},"categories":[3],"tags":[],"class_list":["post-10734","post","type-post","status-publish","format-standard","has-post-thumbnail","hentry","category-aktualnosci"],"acf":[],"modified_by":"Daniel Go\u0142a\u015b","_links":{"self":[{"href":"https:\/\/muzeum.ostroleka.pl\/index.php?rest_route=\/wp\/v2\/posts\/10734","targetHints":{"allow":["GET"]}}],"collection":[{"href":"https:\/\/muzeum.ostroleka.pl\/index.php?rest_route=\/wp\/v2\/posts"}],"about":[{"href":"https:\/\/muzeum.ostroleka.pl\/index.php?rest_route=\/wp\/v2\/types\/post"}],"author":[{"embeddable":true,"href":"https:\/\/muzeum.ostroleka.pl\/index.php?rest_route=\/wp\/v2\/users\/3"}],"replies":[{"embeddable":true,"href":"https:\/\/muzeum.ostroleka.pl\/index.php?rest_route=%2Fwp%2Fv2%2Fcomments&post=10734"}],"version-history":[{"count":2,"href":"https:\/\/muzeum.ostroleka.pl\/index.php?rest_route=\/wp\/v2\/posts\/10734\/revisions"}],"predecessor-version":[{"id":10736,"href":"https:\/\/muzeum.ostroleka.pl\/index.php?rest_route=\/wp\/v2\/posts\/10734\/revisions\/10736"}],"wp:featuredmedia":[{"embeddable":true,"href":"https:\/\/muzeum.ostroleka.pl\/index.php?rest_route=\/wp\/v2\/media\/10749"}],"wp:attachment":[{"href":"https:\/\/muzeum.ostroleka.pl\/index.php?rest_route=%2Fwp%2Fv2%2Fmedia&parent=10734"}],"wp:term":[{"taxonomy":"category","embeddable":true,"href":"https:\/\/muzeum.ostroleka.pl\/index.php?rest_route=%2Fwp%2Fv2%2Fcategories&post=10734"},{"taxonomy":"post_tag","embeddable":true,"href":"https:\/\/muzeum.ostroleka.pl\/index.php?rest_route=%2Fwp%2Fv2%2Ftags&post=10734"}],"curies":[{"name":"wp","href":"https:\/\/api.w.org\/{rel}","templated":true}]}}