{"id":10737,"date":"2022-05-19T14:01:30","date_gmt":"2022-05-19T13:01:30","guid":{"rendered":"https:\/\/muzeum.ostroleka.pl\/?p=10737"},"modified":"2022-05-19T14:01:30","modified_gmt":"2022-05-19T13:01:30","slug":"zaproszenie-do-uczestnictwa-w-obchodach-191-rocznicy-bitwy-pod-ostroleka","status":"publish","type":"post","link":"https:\/\/muzeum.ostroleka.pl\/?p=10737","title":{"rendered":"Zaproszenie do uczestnictwa w obchodach 191. rocznicy bitwy pod Ostro\u0142\u0119k\u0105"},"content":{"rendered":"<p style=\"text-align: justify;\">Dyrekcja Muzeum Kultury Kurpiowskiej w Ostro\u0142\u0119ce ma zaszczyt zaprosi\u0107 na uroczyste obchody 191. rocznicy bitwy pod Ostro\u0142\u0119k\u0105, stoczonej 26 maja 1831 roku.<br \/>\nUroczysto\u015bci odb\u0119d\u0105 si\u0119 26 maja br. (czwartek) o godz. 15.00 na Fortach Bema w Ostro\u0142\u0119ce przy ul. Warszawskiej 2A.<\/p>\n<p style=\"text-align: justify;\">W krypcie Pomnika Mauzoleum, zostanie oddany ho\u0142d powsta\u0144com poprzez z\u0142o\u017cenie kwiat\u00f3w pod sarkofagiem, gdzie spoczywaj\u0105 prochy bohater\u00f3w, nast\u0119pnie odprawiona b\u0119dzie msza \u015bwi\u0119ta w intencji poleg\u0142ych. W alei bohater\u00f3w odb\u0119dzie si\u0119 posadzenie d\u0119bu upami\u0119tniaj\u0105cego posta\u0107 genera\u0142a Ludwika Kickiego.<\/p>\n","protected":false},"excerpt":{"rendered":"<p>Dyrekcja Muzeum Kultury Kurpiowskiej w Ostro\u0142\u0119ce ma zaszczyt zaprosi\u0107 na uroczyste obchody 191. rocznicy bitwy pod Ostro\u0142\u0119k\u0105, stoczonej 26 maja 1831 roku. Uroczysto\u015bci odb\u0119d\u0105 si\u0119 26 maja br. (czwartek) o godz. 15.00 na Fortach Bema w Ostro\u0142\u0119ce przy ul. Warszawskiej 2A. W krypcie Pomnika Mauzoleum, zostanie oddany ho\u0142d powsta\u0144com poprzez z\u0142o\u017cenie kwiat\u00f3w pod sarkofagiem, gdzie [&hellip;]<\/p>\n","protected":false},"author":3,"featured_media":10738,"comment_status":"closed","ping_status":"closed","sticky":false,"template":"","format":"standard","meta":{"_acf_changed":false,"_lmt_disableupdate":"","_lmt_disable":"","_monsterinsights_skip_tracking":false,"_monsterinsights_sitenote_active":false,"_monsterinsights_sitenote_note":"","_monsterinsights_sitenote_category":0,"ngg_post_thumbnail":0,"footnotes":""},"categories":[3],"tags":[],"class_list":["post-10737","post","type-post","status-publish","format-standard","has-post-thumbnail","hentry","category-aktualnosci"],"acf":[],"modified_by":"Daniel Go\u0142a\u015b","_links":{"self":[{"href":"https:\/\/muzeum.ostroleka.pl\/index.php?rest_route=\/wp\/v2\/posts\/10737","targetHints":{"allow":["GET"]}}],"collection":[{"href":"https:\/\/muzeum.ostroleka.pl\/index.php?rest_route=\/wp\/v2\/posts"}],"about":[{"href":"https:\/\/muzeum.ostroleka.pl\/index.php?rest_route=\/wp\/v2\/types\/post"}],"author":[{"embeddable":true,"href":"https:\/\/muzeum.ostroleka.pl\/index.php?rest_route=\/wp\/v2\/users\/3"}],"replies":[{"embeddable":true,"href":"https:\/\/muzeum.ostroleka.pl\/index.php?rest_route=%2Fwp%2Fv2%2Fcomments&post=10737"}],"version-history":[{"count":1,"href":"https:\/\/muzeum.ostroleka.pl\/index.php?rest_route=\/wp\/v2\/posts\/10737\/revisions"}],"predecessor-version":[{"id":10739,"href":"https:\/\/muzeum.ostroleka.pl\/index.php?rest_route=\/wp\/v2\/posts\/10737\/revisions\/10739"}],"wp:featuredmedia":[{"embeddable":true,"href":"https:\/\/muzeum.ostroleka.pl\/index.php?rest_route=\/wp\/v2\/media\/10738"}],"wp:attachment":[{"href":"https:\/\/muzeum.ostroleka.pl\/index.php?rest_route=%2Fwp%2Fv2%2Fmedia&parent=10737"}],"wp:term":[{"taxonomy":"category","embeddable":true,"href":"https:\/\/muzeum.ostroleka.pl\/index.php?rest_route=%2Fwp%2Fv2%2Fcategories&post=10737"},{"taxonomy":"post_tag","embeddable":true,"href":"https:\/\/muzeum.ostroleka.pl\/index.php?rest_route=%2Fwp%2Fv2%2Ftags&post=10737"}],"curies":[{"name":"wp","href":"https:\/\/api.w.org\/{rel}","templated":true}]}}