{"id":10740,"date":"2022-05-19T15:42:57","date_gmt":"2022-05-19T14:42:57","guid":{"rendered":"https:\/\/muzeum.ostroleka.pl\/?p=10740"},"modified":"2022-05-19T15:42:57","modified_gmt":"2022-05-19T14:42:57","slug":"projekt-czy-mnie-slychac","status":"publish","type":"post","link":"https:\/\/muzeum.ostroleka.pl\/?p=10740","title":{"rendered":"Projekt \u201eCzy mnie s\u0142ycha\u0107?\u201d"},"content":{"rendered":"<p>Jeszcze przez trzy dni (do niedzieli) w naszym Muzeum mog\u0105 Pa\u0144stwo skorzysta\u0107 z projektu \u201eCzy mnie s\u0142ycha\u0107?\u201d. Na muzealnym dziedzi\u0144cu czekaj\u0105 na Pa\u0144stwa mobilne stanowiska anga\u017cuj\u0105ce do tw\u00f3rczych dzia\u0142a\u0144.<\/p>\n<p>Wi\u0119cej informacji o projekcie znajd\u0105 Pa\u0144stwo w wydarzeniu na Facebooku: <a href=\"https:\/\/fb.me\/e\/1Jm08YQI3\">https:\/\/fb.me\/e\/1Jm08YQI3<\/a>.<\/p>\n<p>Zapraszamy do wsp\u00f3lnej zabawy.<\/p>\n<p>&nbsp;<\/p>\nngg_shortcode_0_placeholder\n","protected":false},"excerpt":{"rendered":"<p>Jeszcze przez trzy dni (do niedzieli) w naszym Muzeum mog\u0105 Pa\u0144stwo skorzysta\u0107 z projektu \u201eCzy mnie s\u0142ycha\u0107?\u201d. Na muzealnym dziedzi\u0144cu czekaj\u0105 na Pa\u0144stwa mobilne stanowiska anga\u017cuj\u0105ce do tw\u00f3rczych dzia\u0142a\u0144. Wi\u0119cej informacji o projekcie znajd\u0105 Pa\u0144stwo w wydarzeniu na Facebooku: https:\/\/fb.me\/e\/1Jm08YQI3. Zapraszamy do wsp\u00f3lnej zabawy. &nbsp;<\/p>\n","protected":false},"author":3,"featured_media":10741,"comment_status":"closed","ping_status":"closed","sticky":false,"template":"","format":"standard","meta":{"_acf_changed":false,"_lmt_disableupdate":"","_lmt_disable":"","_monsterinsights_skip_tracking":false,"_monsterinsights_sitenote_active":false,"_monsterinsights_sitenote_note":"","_monsterinsights_sitenote_category":0,"ngg_post_thumbnail":0,"footnotes":""},"categories":[3],"tags":[],"class_list":["post-10740","post","type-post","status-publish","format-standard","has-post-thumbnail","hentry","category-aktualnosci"],"acf":[],"modified_by":"Daniel Go\u0142a\u015b","_links":{"self":[{"href":"https:\/\/muzeum.ostroleka.pl\/index.php?rest_route=\/wp\/v2\/posts\/10740","targetHints":{"allow":["GET"]}}],"collection":[{"href":"https:\/\/muzeum.ostroleka.pl\/index.php?rest_route=\/wp\/v2\/posts"}],"about":[{"href":"https:\/\/muzeum.ostroleka.pl\/index.php?rest_route=\/wp\/v2\/types\/post"}],"author":[{"embeddable":true,"href":"https:\/\/muzeum.ostroleka.pl\/index.php?rest_route=\/wp\/v2\/users\/3"}],"replies":[{"embeddable":true,"href":"https:\/\/muzeum.ostroleka.pl\/index.php?rest_route=%2Fwp%2Fv2%2Fcomments&post=10740"}],"version-history":[{"count":2,"href":"https:\/\/muzeum.ostroleka.pl\/index.php?rest_route=\/wp\/v2\/posts\/10740\/revisions"}],"predecessor-version":[{"id":10748,"href":"https:\/\/muzeum.ostroleka.pl\/index.php?rest_route=\/wp\/v2\/posts\/10740\/revisions\/10748"}],"wp:featuredmedia":[{"embeddable":true,"href":"https:\/\/muzeum.ostroleka.pl\/index.php?rest_route=\/wp\/v2\/media\/10741"}],"wp:attachment":[{"href":"https:\/\/muzeum.ostroleka.pl\/index.php?rest_route=%2Fwp%2Fv2%2Fmedia&parent=10740"}],"wp:term":[{"taxonomy":"category","embeddable":true,"href":"https:\/\/muzeum.ostroleka.pl\/index.php?rest_route=%2Fwp%2Fv2%2Fcategories&post=10740"},{"taxonomy":"post_tag","embeddable":true,"href":"https:\/\/muzeum.ostroleka.pl\/index.php?rest_route=%2Fwp%2Fv2%2Ftags&post=10740"}],"curies":[{"name":"wp","href":"https:\/\/api.w.org\/{rel}","templated":true}]}}