{"id":10755,"date":"2022-05-23T12:18:03","date_gmt":"2022-05-23T11:18:03","guid":{"rendered":"https:\/\/muzeum.ostroleka.pl\/?p=10755"},"modified":"2022-05-23T12:18:03","modified_gmt":"2022-05-23T11:18:03","slug":"zapraszamy-na-pozegnanie-z-afryka","status":"publish","type":"post","link":"https:\/\/muzeum.ostroleka.pl\/?p=10755","title":{"rendered":"Zapraszamy na \u201ePo\u017cegnanie z Afryk\u0105\u201d"},"content":{"rendered":"<p style=\"text-align: justify;\">Drodzy Pa\u0144stwo,<br \/>\nka\u017cdy wie, \u017ce wszystko ma sw\u00f3j koniec, nawet nasza ulubiona przygoda z Afryk\u0105, kt\u00f3ra rozpocz\u0119\u0142a si\u0119 25 stycznia br. wraz z otwarciem wystawy \u201eZapatrzeni w niebo. Dogonowie i ich sztuka\u201d. T\u0119 niezwyk\u0142\u0105, pe\u0142n\u0105 tajemnic i egzotyki ekspozycj\u0119 mo\u017cemy Pa\u0144stwu prezentowa\u0107 dzi\u0119ki uprzejmo\u015bci Muzeum Narodowe w Szczecinie.<\/p>\n<p style=\"text-align: justify;\">29 maja zapraszamy Pa\u0144stwa do udzia\u0142u w rodzinnych spotkaniach tw\u00f3rczych z cyklu \u201eNiedziela w Muzeum\u201d. Tym razem has\u0142em przewodnim, nieprzypadkowo, b\u0119dzie \u201ePo\u017cegnanie z Afryk\u0105\u201d \u2013 jest to bowiem ostatni dzie\u0144, kiedy sztuka malijskich Dogon\u00f3w go\u015bci\u0107 b\u0119dzie Muzeum Kultury Kurpiowskiej.<\/p>\n<p>Serdecznie zapraszamy rodziny z dzie\u0107mi i nie tylko.<\/p>\n<p>&nbsp;<\/p>\n<p>W programie:<\/p>\n<ul>\n<li>warsztaty tw\u00f3rcze, w ramach kt\u00f3rych uczestnicy wykonaj\u0105 sympatyczn\u0105 przytulank\u0119 w formie afryka\u0144skiego zwierzaka,<\/li>\n<li>zwiedzanie wystawy \u201eZapatrzeni w niebo. Dogonowie i ich sztuka\u201d z przewodnikiem,<\/li>\n<li>prezentacja slajd\u00f3w oraz zwiedzanie mini wystawy afryka\u0144skich fotografii w wykonaniu ostro\u0142\u0119ckich podr\u00f3\u017cnik\u00f3w.<\/li>\n<\/ul>\n<p>&nbsp;<\/p>\n<p>Zaj\u0119cia b\u0119d\u0105 odbywa\u0142y si\u0119 w dw\u00f3ch grupach:<br \/>\nI grupa w godz. 10.30\u201312.30,<br \/>\nII grupa w godz. 13.00\u201315.00.<\/p>\n<p>Ilo\u015b\u0107 miejsc ograniczona. Obowi\u0105zuj\u0105 zapisy pod numerem tel. 29 764 54 43 wew. 43.<br \/>\nOp\u0142ata: 10 z\u0142 od osoby.<\/p>\n<p>Termin: 29 maja 2022 r., godz. 10.30\u201312.30 lub 13.00\u201315.00.<br \/>\nMiejsce: Muzeum kultury Kurpiowskiej w Ostro\u0142\u0119ce przy placu gen. J. Bema 8.<\/p>\n","protected":false},"excerpt":{"rendered":"<p>Drodzy Pa\u0144stwo, ka\u017cdy wie, \u017ce wszystko ma sw\u00f3j koniec, nawet nasza ulubiona przygoda z Afryk\u0105, kt\u00f3ra rozpocz\u0119\u0142a si\u0119 25 stycznia br. wraz z otwarciem wystawy \u201eZapatrzeni w niebo. Dogonowie i ich sztuka\u201d. T\u0119 niezwyk\u0142\u0105, pe\u0142n\u0105 tajemnic i egzotyki ekspozycj\u0119 mo\u017cemy Pa\u0144stwu prezentowa\u0107 dzi\u0119ki uprzejmo\u015bci Muzeum Narodowe w Szczecinie. 29 maja zapraszamy Pa\u0144stwa do udzia\u0142u w [&hellip;]<\/p>\n","protected":false},"author":3,"featured_media":10754,"comment_status":"closed","ping_status":"closed","sticky":false,"template":"","format":"standard","meta":{"_acf_changed":false,"_lmt_disableupdate":"","_lmt_disable":"","_monsterinsights_skip_tracking":false,"_monsterinsights_sitenote_active":false,"_monsterinsights_sitenote_note":"","_monsterinsights_sitenote_category":0,"ngg_post_thumbnail":0,"footnotes":""},"categories":[3],"tags":[],"class_list":["post-10755","post","type-post","status-publish","format-standard","has-post-thumbnail","hentry","category-aktualnosci"],"acf":[],"modified_by":"Daniel Go\u0142a\u015b","_links":{"self":[{"href":"https:\/\/muzeum.ostroleka.pl\/index.php?rest_route=\/wp\/v2\/posts\/10755","targetHints":{"allow":["GET"]}}],"collection":[{"href":"https:\/\/muzeum.ostroleka.pl\/index.php?rest_route=\/wp\/v2\/posts"}],"about":[{"href":"https:\/\/muzeum.ostroleka.pl\/index.php?rest_route=\/wp\/v2\/types\/post"}],"author":[{"embeddable":true,"href":"https:\/\/muzeum.ostroleka.pl\/index.php?rest_route=\/wp\/v2\/users\/3"}],"replies":[{"embeddable":true,"href":"https:\/\/muzeum.ostroleka.pl\/index.php?rest_route=%2Fwp%2Fv2%2Fcomments&post=10755"}],"version-history":[{"count":3,"href":"https:\/\/muzeum.ostroleka.pl\/index.php?rest_route=\/wp\/v2\/posts\/10755\/revisions"}],"predecessor-version":[{"id":10758,"href":"https:\/\/muzeum.ostroleka.pl\/index.php?rest_route=\/wp\/v2\/posts\/10755\/revisions\/10758"}],"wp:featuredmedia":[{"embeddable":true,"href":"https:\/\/muzeum.ostroleka.pl\/index.php?rest_route=\/wp\/v2\/media\/10754"}],"wp:attachment":[{"href":"https:\/\/muzeum.ostroleka.pl\/index.php?rest_route=%2Fwp%2Fv2%2Fmedia&parent=10755"}],"wp:term":[{"taxonomy":"category","embeddable":true,"href":"https:\/\/muzeum.ostroleka.pl\/index.php?rest_route=%2Fwp%2Fv2%2Fcategories&post=10755"},{"taxonomy":"post_tag","embeddable":true,"href":"https:\/\/muzeum.ostroleka.pl\/index.php?rest_route=%2Fwp%2Fv2%2Ftags&post=10755"}],"curies":[{"name":"wp","href":"https:\/\/api.w.org\/{rel}","templated":true}]}}