{"id":10841,"date":"2022-05-28T08:00:00","date_gmt":"2022-05-28T07:00:00","guid":{"rendered":"https:\/\/muzeum.ostroleka.pl\/?p=10841"},"modified":"2022-05-27T13:57:20","modified_gmt":"2022-05-27T12:57:20","slug":"album-z-portretami-waznych-polakow-doby-powstania-listopadowego","status":"publish","type":"post","link":"https:\/\/muzeum.ostroleka.pl\/?p=10841","title":{"rendered":"Album z portretami wa\u017cnych Polak\u00f3w doby powstania listopadowego"},"content":{"rendered":"<p style=\"text-align: justify;\">Blisko dwadzie\u015bcia lat temu nabyli\u015bmy pi\u0119kny egzemplarz albumu J\u00f3zefa Straszewicza \u201eLes Polonais et les Polonaises de la r\u00e9volution du 29 novembre 1830\u2026\u201d, wydanego w Pary\u017cu w 1832 roku. To ksi\u0119ga, na kt\u00f3r\u0105 z\u0142o\u017cy\u0142y si\u0119 portrety w formacie wielkiego folio, prezentuj\u0105ce wa\u017cne osobisto\u015bci aktywne w dobie powstania listopadowego, opatrzone faksymile podpisu portretowanej osoby oraz biogramem spisanym w j\u0119zyku francuskim. Portrety s\u0105 litografowane w zak\u0142adzie Franciszka Villaina, g\u0142\u00f3wnie wed\u0142ug rysunk\u00f3w francuskich portrecist\u00f3w. W\u015br\u00f3d grona rysownik\u00f3w by\u0142 r\u00f3wnie\u017c J\u00f3zef Szymon Kurowski \u2013 powstaniec i emigrant. Egzemplarz albumu jest pi\u0119kny i cenny. Nosi znak w\u0142asno\u015bciowy W\u0142adys\u0142awa Ostrowskiego, marsza\u0142ka sejmu powsta\u0144czego 1830\/1831 w kraju i na emigracji, protektora Biblioteki Polskiej w Wersalu, za\u0142o\u017conej przez brata W\u0142adys\u0142awa \u2013 wojewod\u0119 Antoniego Ostrowskiego. Jest te\u017c exlibris hrabiego i majora Ludwika Hieronima Morstina \u2013 wsp\u00f3\u0142redaktora \u201eMuseionu\u201d przed pierwsz\u0105 wojn\u0105 \u015bwiatow\u0105, dyplomaty, przyjaciela Stanis\u0142awa Estreichera \u2013 bibliografa.<\/p>\n<p style=\"text-align: justify;\">Z uwagi na gabaryty album kr\u00f3luje w gablocie. Wykonana zosta\u0142a ona oko\u0142o trzydzie\u015bci lat temu w Zak\u0142adzie Wytw\u00f3rczym Mebli Artystycznych w Henrykowie, zak\u0142adzie o zas\u0142u\u017conej renomie. Pos\u0142u\u017cy\u0142a w\u00f3wczas do prezentowania dzie\u0142 sztuki z okresu mi\u0119dzywojennego na wystawie, kt\u00f3r\u0105 opracowa\u0142 Wojciech Wo\u017aniak. Tamtej wystawy ju\u017c nie ma. Zosta\u0142y natomiast dzie\u0142a, z kt\u00f3rych cz\u0119\u015b\u0107 prezentowana jest dzisiaj ju\u017c w nowej galerii. Zach\u0119camy tymczasem do zwiedzenie wystawy sta\u0142ej \u201eTw\u00f3rczo\u015b\u0107 \u017co\u0142nierzy powstania listopadowego na Wielkiej Emigracji\u201d, na kt\u00f3rej prezentujemy album J\u00f3zefa Straszewicza, nabrzmia\u0142y galeri\u0105 portret\u00f3w, oraz \u2026 gablot\u0119, kt\u00f3ra wiele lat, nieco zapomniana, ale cierpliwie czeka\u0142a w magazynie. Stanowi przyk\u0142ad solidnej stolarki. Album z wizerunkami Emilii Plater, Stanis\u0142awa Barzykowskiego, dzielnych braci Mycielskich, J\u00f3zefa Bema, Joachima Lelewela, Waleriana \u0141ukasi\u0144skiego i dziesi\u0105tkami innych Polak\u00f3w, francuscy arty\u015bci i nasz J\u00f3zef Kurowski, Franciszek Villain, W\u0142adys\u0142aw Ostrowski, Ludwik Hieronim Morstin i zacna Gablota Henrykowska. Staramy si\u0119 zapewnia\u0107 dobre towarzystwo. (bk)<\/p>\n<p>&nbsp;<\/p>\n<p>Ilustracja: \u201eLes Polonais et les Polonaises de la r\u00e9volution du 29 novembre 1830\u2026\u201d, nr inw. MKK\/H\/1780.<\/p>\n","protected":false},"excerpt":{"rendered":"<p>Blisko dwadzie\u015bcia lat temu nabyli\u015bmy pi\u0119kny egzemplarz albumu J\u00f3zefa Straszewicza \u201eLes Polonais et les Polonaises de la r\u00e9volution du 29 novembre 1830\u2026\u201d, wydanego w Pary\u017cu w 1832 roku. To ksi\u0119ga, na kt\u00f3r\u0105 z\u0142o\u017cy\u0142y si\u0119 portrety w formacie wielkiego folio, prezentuj\u0105ce wa\u017cne osobisto\u015bci aktywne w dobie powstania listopadowego, opatrzone faksymile podpisu portretowanej osoby oraz biogramem spisanym [&hellip;]<\/p>\n","protected":false},"author":3,"featured_media":10842,"comment_status":"closed","ping_status":"closed","sticky":false,"template":"","format":"standard","meta":{"_acf_changed":false,"_lmt_disableupdate":"","_lmt_disable":"","_monsterinsights_skip_tracking":false,"_monsterinsights_sitenote_active":false,"_monsterinsights_sitenote_note":"","_monsterinsights_sitenote_category":0,"ngg_post_thumbnail":0,"footnotes":""},"categories":[3,55],"tags":[],"class_list":["post-10841","post","type-post","status-publish","format-standard","has-post-thumbnail","hentry","category-aktualnosci","category-wirtualne-muzeum"],"acf":[],"modified_by":"Daniel Go\u0142a\u015b","_links":{"self":[{"href":"https:\/\/muzeum.ostroleka.pl\/index.php?rest_route=\/wp\/v2\/posts\/10841","targetHints":{"allow":["GET"]}}],"collection":[{"href":"https:\/\/muzeum.ostroleka.pl\/index.php?rest_route=\/wp\/v2\/posts"}],"about":[{"href":"https:\/\/muzeum.ostroleka.pl\/index.php?rest_route=\/wp\/v2\/types\/post"}],"author":[{"embeddable":true,"href":"https:\/\/muzeum.ostroleka.pl\/index.php?rest_route=\/wp\/v2\/users\/3"}],"replies":[{"embeddable":true,"href":"https:\/\/muzeum.ostroleka.pl\/index.php?rest_route=%2Fwp%2Fv2%2Fcomments&post=10841"}],"version-history":[{"count":1,"href":"https:\/\/muzeum.ostroleka.pl\/index.php?rest_route=\/wp\/v2\/posts\/10841\/revisions"}],"predecessor-version":[{"id":10843,"href":"https:\/\/muzeum.ostroleka.pl\/index.php?rest_route=\/wp\/v2\/posts\/10841\/revisions\/10843"}],"wp:featuredmedia":[{"embeddable":true,"href":"https:\/\/muzeum.ostroleka.pl\/index.php?rest_route=\/wp\/v2\/media\/10842"}],"wp:attachment":[{"href":"https:\/\/muzeum.ostroleka.pl\/index.php?rest_route=%2Fwp%2Fv2%2Fmedia&parent=10841"}],"wp:term":[{"taxonomy":"category","embeddable":true,"href":"https:\/\/muzeum.ostroleka.pl\/index.php?rest_route=%2Fwp%2Fv2%2Fcategories&post=10841"},{"taxonomy":"post_tag","embeddable":true,"href":"https:\/\/muzeum.ostroleka.pl\/index.php?rest_route=%2Fwp%2Fv2%2Ftags&post=10841"}],"curies":[{"name":"wp","href":"https:\/\/api.w.org\/{rel}","templated":true}]}}