{"id":1104,"date":"2015-05-03T12:24:52","date_gmt":"2015-05-03T11:24:52","guid":{"rendered":"http:\/\/mkk.wisnia.pl\/?p=1104"},"modified":"2019-12-16T11:32:51","modified_gmt":"2019-12-16T10:32:51","slug":"w-poszukiwaniu-narodowego-stylu-motywy-ludowe-w-sztuce-dwudziestolecia-miedzywojennego","status":"publish","type":"post","link":"https:\/\/muzeum.ostroleka.pl\/?p=1104","title":{"rendered":"W poszukiwaniu narodowego stylu. Motywy ludowe w sztuce dwudziestolecia mi\u0119dzywojennego"},"content":{"rendered":"<p>Na tej wystawie prezentowane s\u0105&nbsp;prace przedstawicieli trzech grup artystycznych dzia\u0142aj\u0105cych w&nbsp;okresie mi\u0119dzywojennym na&nbsp;terenie Polski: Stowarzyszenia Artyst\u00f3w Polskich Rytm, Stowarzyszenia Polskich Artyst\u00f3w Grafik\u00f3w Ryt, oraz&nbsp;sp\u00f3\u0142dzielni Artyst\u00f3w \u0141ad. Wszystkim wymienionym grupom uda\u0142o si\u0119&nbsp;stworzy\u0107 na&nbsp;przestrzeni lat&nbsp;dwudziestych i&nbsp;trzydziestych XX&nbsp;wieku sp\u00f3jne \u015brodowisko, maj\u0105ce ogromny wp\u0142yw na&nbsp;estetyk\u0119 mi\u0119dzywojenn\u0105. Na wystawie obecne s\u0105&nbsp;prace takich artyst\u00f3w jak&nbsp;Wac\u0142aw Borowski, Zofia Stryje\u0144ska czy&nbsp;W\u0142adys\u0142aw Skoczylas. To oni&nbsp;szukali inspiracji w&nbsp;sztuce ludowej, tak\u017ce kurpiowskiej.<\/p>\n<p>&nbsp;<\/p>\n<p>&nbsp;<\/p>\n","protected":false},"excerpt":{"rendered":"<p>Na tej wystawie prezentowane s\u0105&nbsp;prace przedstawicieli trzech grup artystycznych dzia\u0142aj\u0105cych w&nbsp;okresie mi\u0119dzywojennym na&nbsp;terenie Polski: Stowarzyszenia Artyst\u00f3w Polskich Rytm, Stowarzyszenia Polskich Artyst\u00f3w Grafik\u00f3w Ryt, oraz&nbsp;sp\u00f3\u0142dzielni Artyst\u00f3w \u0141ad. Wszystkim wymienionym grupom uda\u0142o si\u0119&nbsp;stworzy\u0107 na&nbsp;przestrzeni lat&nbsp;dwudziestych i&nbsp;trzydziestych XX&nbsp;wieku sp\u00f3jne \u015brodowisko, maj\u0105ce ogromny wp\u0142yw na&nbsp;estetyk\u0119 mi\u0119dzywojenn\u0105. Na wystawie obecne s\u0105&nbsp;prace takich artyst\u00f3w jak&nbsp;Wac\u0142aw Borowski, Zofia Stryje\u0144ska czy&nbsp;W\u0142adys\u0142aw Skoczylas. To [&hellip;]<\/p>\n","protected":false},"author":1,"featured_media":1106,"comment_status":"open","ping_status":"open","sticky":false,"template":"","format":"standard","meta":{"_acf_changed":false,"_lmt_disableupdate":"","_lmt_disable":"","_monsterinsights_skip_tracking":false,"_monsterinsights_sitenote_active":false,"_monsterinsights_sitenote_note":"","_monsterinsights_sitenote_category":0,"ngg_post_thumbnail":0,"footnotes":""},"categories":[42],"tags":[],"class_list":["post-1104","post","type-post","status-publish","format-standard","has-post-thumbnail","hentry","category-wystawy-stale-archiwalne"],"acf":[],"modified_by":"Daniel Go\u0142a\u015b","_links":{"self":[{"href":"https:\/\/muzeum.ostroleka.pl\/index.php?rest_route=\/wp\/v2\/posts\/1104","targetHints":{"allow":["GET"]}}],"collection":[{"href":"https:\/\/muzeum.ostroleka.pl\/index.php?rest_route=\/wp\/v2\/posts"}],"about":[{"href":"https:\/\/muzeum.ostroleka.pl\/index.php?rest_route=\/wp\/v2\/types\/post"}],"author":[{"embeddable":true,"href":"https:\/\/muzeum.ostroleka.pl\/index.php?rest_route=\/wp\/v2\/users\/1"}],"replies":[{"embeddable":true,"href":"https:\/\/muzeum.ostroleka.pl\/index.php?rest_route=%2Fwp%2Fv2%2Fcomments&post=1104"}],"version-history":[{"count":2,"href":"https:\/\/muzeum.ostroleka.pl\/index.php?rest_route=\/wp\/v2\/posts\/1104\/revisions"}],"predecessor-version":[{"id":1107,"href":"https:\/\/muzeum.ostroleka.pl\/index.php?rest_route=\/wp\/v2\/posts\/1104\/revisions\/1107"}],"wp:featuredmedia":[{"embeddable":true,"href":"https:\/\/muzeum.ostroleka.pl\/index.php?rest_route=\/wp\/v2\/media\/1106"}],"wp:attachment":[{"href":"https:\/\/muzeum.ostroleka.pl\/index.php?rest_route=%2Fwp%2Fv2%2Fmedia&parent=1104"}],"wp:term":[{"taxonomy":"category","embeddable":true,"href":"https:\/\/muzeum.ostroleka.pl\/index.php?rest_route=%2Fwp%2Fv2%2Fcategories&post=1104"},{"taxonomy":"post_tag","embeddable":true,"href":"https:\/\/muzeum.ostroleka.pl\/index.php?rest_route=%2Fwp%2Fv2%2Ftags&post=1104"}],"curies":[{"name":"wp","href":"https:\/\/api.w.org\/{rel}","templated":true}]}}