{"id":1108,"date":"2015-05-04T12:25:42","date_gmt":"2015-05-04T11:25:42","guid":{"rendered":"http:\/\/mkk.wisnia.pl\/?p=1108"},"modified":"2019-12-16T11:32:33","modified_gmt":"2019-12-16T10:32:33","slug":"kampania-napoleonska-1806-1807-w-grafice","status":"publish","type":"post","link":"https:\/\/muzeum.ostroleka.pl\/?p=1108","title":{"rendered":"Kampania napoleo\u0144ska 1806-1807 w grafice"},"content":{"rendered":"<p>Wystawa otwarta w&nbsp;dwusetn\u0105 rocznic\u0119 bitwy pod&nbsp;Ostro\u0142\u0119k\u0105 1807&nbsp;roku, prezentuje grafiki z&nbsp;przedstawieniami bitew tzw.&nbsp;polskiej kampanii Napoleona, pokoju w&nbsp;Tyl\u017cy oraz&nbsp;kartografi\u0119 z&nbsp;tego okresu. Na ekspozycji mo\u017cna obejrze\u0107 ryciny wed\u0142ug znacz\u0105cych dzie\u0142 np.&nbsp;J.A.&nbsp;Grosa czy H.&nbsp;Verneta. Uzupe\u0142niaj\u0105 j\u0105&nbsp;statuetki wykonane w&nbsp;br\u0105zie przedstawiaj\u0105ce Napoleona. By\u0142y one&nbsp;ozdob\u0105 wielu dom\u00f3w zar\u00f3wno arystokratycznych, jak&nbsp;te\u017c&nbsp;mieszcza\u0144skich. W okresie romantyzmu popularyzowa\u0142y kult Napoleona. S\u0105 w\u015br\u00f3d nich&nbsp;prace J. Pradiera, E.&nbsp;Gillaume`a czy&nbsp;E.&nbsp;Carriera. Zar\u00f3wno grafika, jak&nbsp;te\u017c&nbsp;br\u0105zy prezentuj\u0105 przyk\u0142ady prac&nbsp;wykonanych w&nbsp;stylu klasycyzmu i&nbsp;romantyzmu.<\/p>\n<p>&nbsp;<\/p>\n<p>&nbsp;<\/p>\n","protected":false},"excerpt":{"rendered":"<p>Wystawa otwarta w&nbsp;dwusetn\u0105 rocznic\u0119 bitwy pod&nbsp;Ostro\u0142\u0119k\u0105 1807&nbsp;roku, prezentuje grafiki z&nbsp;przedstawieniami bitew tzw.&nbsp;polskiej kampanii Napoleona, pokoju w&nbsp;Tyl\u017cy oraz&nbsp;kartografi\u0119 z&nbsp;tego okresu. Na ekspozycji mo\u017cna obejrze\u0107 ryciny wed\u0142ug znacz\u0105cych dzie\u0142 np.&nbsp;J.A.&nbsp;Grosa czy H.&nbsp;Verneta. Uzupe\u0142niaj\u0105 j\u0105&nbsp;statuetki wykonane w&nbsp;br\u0105zie przedstawiaj\u0105ce Napoleona. By\u0142y one&nbsp;ozdob\u0105 wielu dom\u00f3w zar\u00f3wno arystokratycznych, jak&nbsp;te\u017c&nbsp;mieszcza\u0144skich. W okresie romantyzmu popularyzowa\u0142y kult Napoleona. S\u0105 w\u015br\u00f3d nich&nbsp;prace J. Pradiera, E.&nbsp;Gillaume`a [&hellip;]<\/p>\n","protected":false},"author":1,"featured_media":1110,"comment_status":"open","ping_status":"open","sticky":false,"template":"","format":"standard","meta":{"_acf_changed":false,"_lmt_disableupdate":"","_lmt_disable":"","_monsterinsights_skip_tracking":false,"_monsterinsights_sitenote_active":false,"_monsterinsights_sitenote_note":"","_monsterinsights_sitenote_category":0,"ngg_post_thumbnail":0,"footnotes":""},"categories":[42],"tags":[],"class_list":["post-1108","post","type-post","status-publish","format-standard","has-post-thumbnail","hentry","category-wystawy-stale-archiwalne"],"acf":[],"modified_by":"Daniel Go\u0142a\u015b","_links":{"self":[{"href":"https:\/\/muzeum.ostroleka.pl\/index.php?rest_route=\/wp\/v2\/posts\/1108","targetHints":{"allow":["GET"]}}],"collection":[{"href":"https:\/\/muzeum.ostroleka.pl\/index.php?rest_route=\/wp\/v2\/posts"}],"about":[{"href":"https:\/\/muzeum.ostroleka.pl\/index.php?rest_route=\/wp\/v2\/types\/post"}],"author":[{"embeddable":true,"href":"https:\/\/muzeum.ostroleka.pl\/index.php?rest_route=\/wp\/v2\/users\/1"}],"replies":[{"embeddable":true,"href":"https:\/\/muzeum.ostroleka.pl\/index.php?rest_route=%2Fwp%2Fv2%2Fcomments&post=1108"}],"version-history":[{"count":2,"href":"https:\/\/muzeum.ostroleka.pl\/index.php?rest_route=\/wp\/v2\/posts\/1108\/revisions"}],"predecessor-version":[{"id":1111,"href":"https:\/\/muzeum.ostroleka.pl\/index.php?rest_route=\/wp\/v2\/posts\/1108\/revisions\/1111"}],"wp:featuredmedia":[{"embeddable":true,"href":"https:\/\/muzeum.ostroleka.pl\/index.php?rest_route=\/wp\/v2\/media\/1110"}],"wp:attachment":[{"href":"https:\/\/muzeum.ostroleka.pl\/index.php?rest_route=%2Fwp%2Fv2%2Fmedia&parent=1108"}],"wp:term":[{"taxonomy":"category","embeddable":true,"href":"https:\/\/muzeum.ostroleka.pl\/index.php?rest_route=%2Fwp%2Fv2%2Fcategories&post=1108"},{"taxonomy":"post_tag","embeddable":true,"href":"https:\/\/muzeum.ostroleka.pl\/index.php?rest_route=%2Fwp%2Fv2%2Ftags&post=1108"}],"curies":[{"name":"wp","href":"https:\/\/api.w.org\/{rel}","templated":true}]}}