{"id":1112,"date":"2015-05-05T12:26:22","date_gmt":"2015-05-05T11:26:22","guid":{"rendered":"http:\/\/mkk.wisnia.pl\/?p=1112"},"modified":"2019-12-16T11:31:49","modified_gmt":"2019-12-16T10:31:49","slug":"bitwa-pod-ostroleka-26-maja-1831-roku","status":"publish","type":"post","link":"https:\/\/muzeum.ostroleka.pl\/?p=1112","title":{"rendered":"Bitwa pod Ostro\u0142\u0119k\u0105 26 maja 1831 roku"},"content":{"rendered":"<p>Wystawa po\u015bwi\u0119cona jest bitwie stoczonej mi\u0119dzy wojskami polskimi a&nbsp;rosyjskimi w&nbsp;maju 1831&nbsp;r.&nbsp;Prezentowane s\u0105 na niej ikonografia bitwy, plany, mapy, kostiumologia wojskowa z&nbsp;okresu Kr\u00f3lestwa Polskiego oraz&nbsp;sylwetki dow\u00f3dc\u00f3w, a w szczeg\u00f3lno\u015bci jednego z&nbsp;nich &#8211; J\u00f3zefa Bema. W\u015br\u00f3d ikonograficznych przedstawie\u0144 bitwy na&nbsp;uwag\u0119 zas\u0142uguje obraz namalowany przez&nbsp;uczestnika batalii ostro\u0142\u0119ckiej Karola Malankiewicza. Wystaw\u0119 wzbogacaj\u0105 znaleziska pobitewne, bro\u0144 i&nbsp;fragmenty umundurowania. Na&nbsp;ekspozycji znalaz\u0142o si\u0119&nbsp;r\u00f3wnie\u017c miejsce dla&nbsp;pami\u0105tek zwi\u0105zanych z&nbsp;obchodami rocznicowymi bitwy.&nbsp;<\/p>\n<p>&nbsp;<\/p>\n<p>&nbsp;<\/p>\n","protected":false},"excerpt":{"rendered":"<p>Wystawa po\u015bwi\u0119cona jest bitwie stoczonej mi\u0119dzy wojskami polskimi a&nbsp;rosyjskimi w&nbsp;maju 1831&nbsp;r.&nbsp;Prezentowane s\u0105 na niej ikonografia bitwy, plany, mapy, kostiumologia wojskowa z&nbsp;okresu Kr\u00f3lestwa Polskiego oraz&nbsp;sylwetki dow\u00f3dc\u00f3w, a w szczeg\u00f3lno\u015bci jednego z&nbsp;nich &#8211; J\u00f3zefa Bema. W\u015br\u00f3d ikonograficznych przedstawie\u0144 bitwy na&nbsp;uwag\u0119 zas\u0142uguje obraz namalowany przez&nbsp;uczestnika batalii ostro\u0142\u0119ckiej Karola Malankiewicza. Wystaw\u0119 wzbogacaj\u0105 znaleziska pobitewne, bro\u0144 i&nbsp;fragmenty umundurowania. Na&nbsp;ekspozycji znalaz\u0142o [&hellip;]<\/p>\n","protected":false},"author":1,"featured_media":1114,"comment_status":"open","ping_status":"open","sticky":false,"template":"","format":"standard","meta":{"_acf_changed":false,"_lmt_disableupdate":"","_lmt_disable":"","_monsterinsights_skip_tracking":false,"_monsterinsights_sitenote_active":false,"_monsterinsights_sitenote_note":"","_monsterinsights_sitenote_category":0,"ngg_post_thumbnail":0,"footnotes":""},"categories":[42],"tags":[],"class_list":["post-1112","post","type-post","status-publish","format-standard","has-post-thumbnail","hentry","category-wystawy-stale-archiwalne"],"acf":[],"modified_by":"Daniel Go\u0142a\u015b","_links":{"self":[{"href":"https:\/\/muzeum.ostroleka.pl\/index.php?rest_route=\/wp\/v2\/posts\/1112","targetHints":{"allow":["GET"]}}],"collection":[{"href":"https:\/\/muzeum.ostroleka.pl\/index.php?rest_route=\/wp\/v2\/posts"}],"about":[{"href":"https:\/\/muzeum.ostroleka.pl\/index.php?rest_route=\/wp\/v2\/types\/post"}],"author":[{"embeddable":true,"href":"https:\/\/muzeum.ostroleka.pl\/index.php?rest_route=\/wp\/v2\/users\/1"}],"replies":[{"embeddable":true,"href":"https:\/\/muzeum.ostroleka.pl\/index.php?rest_route=%2Fwp%2Fv2%2Fcomments&post=1112"}],"version-history":[{"count":2,"href":"https:\/\/muzeum.ostroleka.pl\/index.php?rest_route=\/wp\/v2\/posts\/1112\/revisions"}],"predecessor-version":[{"id":1115,"href":"https:\/\/muzeum.ostroleka.pl\/index.php?rest_route=\/wp\/v2\/posts\/1112\/revisions\/1115"}],"wp:featuredmedia":[{"embeddable":true,"href":"https:\/\/muzeum.ostroleka.pl\/index.php?rest_route=\/wp\/v2\/media\/1114"}],"wp:attachment":[{"href":"https:\/\/muzeum.ostroleka.pl\/index.php?rest_route=%2Fwp%2Fv2%2Fmedia&parent=1112"}],"wp:term":[{"taxonomy":"category","embeddable":true,"href":"https:\/\/muzeum.ostroleka.pl\/index.php?rest_route=%2Fwp%2Fv2%2Fcategories&post=1112"},{"taxonomy":"post_tag","embeddable":true,"href":"https:\/\/muzeum.ostroleka.pl\/index.php?rest_route=%2Fwp%2Fv2%2Ftags&post=1112"}],"curies":[{"name":"wp","href":"https:\/\/api.w.org\/{rel}","templated":true}]}}