{"id":1116,"date":"2015-05-07T12:37:00","date_gmt":"2015-05-07T11:37:00","guid":{"rendered":"http:\/\/mkk.wisnia.pl\/?p=1116"},"modified":"2019-12-16T11:31:09","modified_gmt":"2019-12-16T10:31:09","slug":"ostroleka-dei-gratia-ducis-et-regis","status":"publish","type":"post","link":"https:\/\/muzeum.ostroleka.pl\/?p=1116","title":{"rendered":"Ostro\u0142\u0119ka dei gratia ducis et regis"},"content":{"rendered":"<p>Wystawa ukazuje histori\u0119 miasta poprzez wyselekcjonowane przez&nbsp;czas pozosta\u0142o\u015bci po&nbsp;\u017cyciu codziennym jego mieszka\u0144c\u00f3w. Zwraca uwag\u0119 na&nbsp;fakt, \u017ce&nbsp;codzienno\u015b\u0107 na&nbsp;przestrzeni wiek\u00f3w warunkowana by\u0142a w&nbsp;du\u017cej mierze decyzjami ksi\u0105\u017c\u0105t mazowieckich i&nbsp;kr\u00f3l\u00f3w polskich, nadaj\u0105cych mieszczanom ostro\u0142\u0119ckim przywileje, organizuj\u0105cych \u017cycie miasta i&nbsp;gwarantuj\u0105cych jego dobrobyt. Na wystawie podkre\u015blone zosta\u0142o bliskie s\u0105siedztwo obszar\u00f3w le\u015bnych i&nbsp;po\u0142o\u017cenie miasta nad&nbsp;Narwi\u0105, kt\u00f3re w&nbsp;du\u017cym stopniu determinowa\u0142y jego histori\u0119. Ekspozycja jest refleksj\u0105 nad&nbsp;histori\u0105 Ostro\u0142\u0119ki i&nbsp;jej&nbsp;mieszka\u0144c\u00f3w od&nbsp;okresu przedlokacyjnego do&nbsp;dwudziestolecia mi\u0119dzywojennego w\u0142\u0105cznie.<\/p>\n<p>&nbsp;<\/p>\n<p>&nbsp;<\/p>\n","protected":false},"excerpt":{"rendered":"<p>Wystawa ukazuje histori\u0119 miasta poprzez wyselekcjonowane przez&nbsp;czas pozosta\u0142o\u015bci po&nbsp;\u017cyciu codziennym jego mieszka\u0144c\u00f3w. Zwraca uwag\u0119 na&nbsp;fakt, \u017ce&nbsp;codzienno\u015b\u0107 na&nbsp;przestrzeni wiek\u00f3w warunkowana by\u0142a w&nbsp;du\u017cej mierze decyzjami ksi\u0105\u017c\u0105t mazowieckich i&nbsp;kr\u00f3l\u00f3w polskich, nadaj\u0105cych mieszczanom ostro\u0142\u0119ckim przywileje, organizuj\u0105cych \u017cycie miasta i&nbsp;gwarantuj\u0105cych jego dobrobyt. Na wystawie podkre\u015blone zosta\u0142o bliskie s\u0105siedztwo obszar\u00f3w le\u015bnych i&nbsp;po\u0142o\u017cenie miasta nad&nbsp;Narwi\u0105, kt\u00f3re w&nbsp;du\u017cym stopniu determinowa\u0142y jego histori\u0119. Ekspozycja [&hellip;]<\/p>\n","protected":false},"author":1,"featured_media":1118,"comment_status":"open","ping_status":"open","sticky":false,"template":"","format":"standard","meta":{"_acf_changed":false,"_lmt_disableupdate":"","_lmt_disable":"","_monsterinsights_skip_tracking":false,"_monsterinsights_sitenote_active":false,"_monsterinsights_sitenote_note":"","_monsterinsights_sitenote_category":0,"ngg_post_thumbnail":0,"footnotes":""},"categories":[42],"tags":[],"class_list":["post-1116","post","type-post","status-publish","format-standard","has-post-thumbnail","hentry","category-wystawy-stale-archiwalne"],"acf":[],"modified_by":"Daniel Go\u0142a\u015b","_links":{"self":[{"href":"https:\/\/muzeum.ostroleka.pl\/index.php?rest_route=\/wp\/v2\/posts\/1116","targetHints":{"allow":["GET"]}}],"collection":[{"href":"https:\/\/muzeum.ostroleka.pl\/index.php?rest_route=\/wp\/v2\/posts"}],"about":[{"href":"https:\/\/muzeum.ostroleka.pl\/index.php?rest_route=\/wp\/v2\/types\/post"}],"author":[{"embeddable":true,"href":"https:\/\/muzeum.ostroleka.pl\/index.php?rest_route=\/wp\/v2\/users\/1"}],"replies":[{"embeddable":true,"href":"https:\/\/muzeum.ostroleka.pl\/index.php?rest_route=%2Fwp%2Fv2%2Fcomments&post=1116"}],"version-history":[{"count":2,"href":"https:\/\/muzeum.ostroleka.pl\/index.php?rest_route=\/wp\/v2\/posts\/1116\/revisions"}],"predecessor-version":[{"id":1119,"href":"https:\/\/muzeum.ostroleka.pl\/index.php?rest_route=\/wp\/v2\/posts\/1116\/revisions\/1119"}],"wp:featuredmedia":[{"embeddable":true,"href":"https:\/\/muzeum.ostroleka.pl\/index.php?rest_route=\/wp\/v2\/media\/1118"}],"wp:attachment":[{"href":"https:\/\/muzeum.ostroleka.pl\/index.php?rest_route=%2Fwp%2Fv2%2Fmedia&parent=1116"}],"wp:term":[{"taxonomy":"category","embeddable":true,"href":"https:\/\/muzeum.ostroleka.pl\/index.php?rest_route=%2Fwp%2Fv2%2Fcategories&post=1116"},{"taxonomy":"post_tag","embeddable":true,"href":"https:\/\/muzeum.ostroleka.pl\/index.php?rest_route=%2Fwp%2Fv2%2Ftags&post=1116"}],"curies":[{"name":"wp","href":"https:\/\/api.w.org\/{rel}","templated":true}]}}