{"id":1122,"date":"2016-08-24T12:30:16","date_gmt":"2016-08-24T11:30:16","guid":{"rendered":"http:\/\/mkk.wisnia.pl\/?p=1122"},"modified":"2019-12-16T12:51:10","modified_gmt":"2019-12-16T11:51:10","slug":"campement-de-polonais-dans-les-bois-obozowisko-polakow-w-lesie-obiekt-stycznia-2014","status":"publish","type":"post","link":"https:\/\/muzeum.ostroleka.pl\/?p=1122","title":{"rendered":"Campement de Polonais dans les bois [Obozowisko Polak\u00f3w w lesie] &#8211; Obiekt stycznia 2014"},"content":{"rendered":"<div class=\"leadArticle\">\n<p>Rycina zamieszczona w czasopi\u015bmie francuskim&nbsp;<em>L\u2019Universel. Illustrations Contemporaines<\/em>&nbsp;(nr 89, 10\/16.12.1863). Opis zamieszony na odwrocie informuje czytelnik\u00f3w o losie powsta\u0144c\u00f3w styczniowych sp\u0119dzaj\u0105cych zim\u0119 w lesie. Wymieniono tu las myszyniecki jako jeden z azyl\u00f3w.<\/p>\n<\/div>\n<p><em>L\u2019Universel. Illustrations Contemporaines&nbsp;<\/em>by\u0142o jednym z wielu periodyk\u00f3w ukazuj\u0105cych si\u0119 w Europie, kt\u00f3re relacjonowa\u0142y wydarzenia powsta\u0144cze. Do ilustrowania wiadomo\u015bci w prasie dziewi\u0119tnastowiecznej stosowano zazwyczaj drzeworyt sztorcowy, kt\u00f3ry pozwala\u0142 na reprodukowanie obraz\u00f3w, rysunk\u00f3w oraz fotografii &nbsp;o r\u00f3\u017cnych formatach, za\u015b jako druk wypuk\u0142y m\u00f3g\u0142 by\u0107 sk\u0142adany i&nbsp;odbijany wraz z tekstem, co u\u0142atwia\u0142o i przyspiesza\u0142o publikacj\u0119 gazet.&nbsp;<\/p>\n<p>Bestcossnet; H. Schufey, drzeworyt sztorcowy, nr inw. MKK\/HA\/2750<\/p>\n<p>&nbsp;<\/p>\n","protected":false},"excerpt":{"rendered":"<p>Rycina zamieszczona w czasopi\u015bmie francuskim&nbsp;L\u2019Universel. Illustrations Contemporaines&nbsp;(nr 89, 10\/16.12.1863). Opis zamieszony na odwrocie informuje czytelnik\u00f3w o losie powsta\u0144c\u00f3w styczniowych sp\u0119dzaj\u0105cych zim\u0119 w lesie. Wymieniono tu las myszyniecki jako jeden z azyl\u00f3w. L\u2019Universel. Illustrations Contemporaines&nbsp;by\u0142o jednym z wielu periodyk\u00f3w ukazuj\u0105cych si\u0119 w Europie, kt\u00f3re relacjonowa\u0142y wydarzenia powsta\u0144cze. Do ilustrowania wiadomo\u015bci w prasie dziewi\u0119tnastowiecznej stosowano zazwyczaj drzeworyt [&hellip;]<\/p>\n","protected":false},"author":1,"featured_media":0,"comment_status":"open","ping_status":"open","sticky":false,"template":"","format":"standard","meta":{"_acf_changed":false,"_lmt_disableupdate":"","_lmt_disable":"","_monsterinsights_skip_tracking":false,"_monsterinsights_sitenote_active":false,"_monsterinsights_sitenote_note":"","_monsterinsights_sitenote_category":0,"ngg_post_thumbnail":0,"footnotes":""},"categories":[43],"tags":[],"class_list":["post-1122","post","type-post","status-publish","format-standard","hentry","category-obiekt-miesiaca"],"acf":[],"modified_by":"Daniel Go\u0142a\u015b","_links":{"self":[{"href":"https:\/\/muzeum.ostroleka.pl\/index.php?rest_route=\/wp\/v2\/posts\/1122","targetHints":{"allow":["GET"]}}],"collection":[{"href":"https:\/\/muzeum.ostroleka.pl\/index.php?rest_route=\/wp\/v2\/posts"}],"about":[{"href":"https:\/\/muzeum.ostroleka.pl\/index.php?rest_route=\/wp\/v2\/types\/post"}],"author":[{"embeddable":true,"href":"https:\/\/muzeum.ostroleka.pl\/index.php?rest_route=\/wp\/v2\/users\/1"}],"replies":[{"embeddable":true,"href":"https:\/\/muzeum.ostroleka.pl\/index.php?rest_route=%2Fwp%2Fv2%2Fcomments&post=1122"}],"version-history":[{"count":1,"href":"https:\/\/muzeum.ostroleka.pl\/index.php?rest_route=\/wp\/v2\/posts\/1122\/revisions"}],"predecessor-version":[{"id":1123,"href":"https:\/\/muzeum.ostroleka.pl\/index.php?rest_route=\/wp\/v2\/posts\/1122\/revisions\/1123"}],"wp:attachment":[{"href":"https:\/\/muzeum.ostroleka.pl\/index.php?rest_route=%2Fwp%2Fv2%2Fmedia&parent=1122"}],"wp:term":[{"taxonomy":"category","embeddable":true,"href":"https:\/\/muzeum.ostroleka.pl\/index.php?rest_route=%2Fwp%2Fv2%2Fcategories&post=1122"},{"taxonomy":"post_tag","embeddable":true,"href":"https:\/\/muzeum.ostroleka.pl\/index.php?rest_route=%2Fwp%2Fv2%2Ftags&post=1122"}],"curies":[{"name":"wp","href":"https:\/\/api.w.org\/{rel}","templated":true}]}}