{"id":11265,"date":"2022-06-27T11:30:10","date_gmt":"2022-06-27T10:30:10","guid":{"rendered":"https:\/\/muzeum.ostroleka.pl\/?p=11265"},"modified":"2022-06-27T11:30:10","modified_gmt":"2022-06-27T10:30:10","slug":"kurpiowskie-kwiaty-malwy","status":"publish","type":"post","link":"https:\/\/muzeum.ostroleka.pl\/?p=11265","title":{"rendered":"Kurpiowskie kwiaty. Malwy"},"content":{"rendered":"<p>Drodzy Pa\u0144stwo,<br \/>\nju\u017c najbli\u017csz\u0105 niedziel\u0119, 3 lipca rozpoczniemy tw\u00f3rcze spotkania wakacyjne z cyklu \u201eEtnodizajn po kurpiowsku\u201d.<br \/>\nNajbli\u017csze spotkanie odb\u0119dzie si\u0119 pod has\u0142em \u201eKurpiowskie kwiaty. Malwy\u201d. Uczestnicy uwij\u0105 ozdobne kwiaty z kolorowej bibu\u0142y, nawi\u0105zuj\u0105ce swoj\u0105 form\u0105 do tradycyjnych dekoracji zdobi\u0105cych chat\u0119 kurpiowsk\u0105. Tym razem w roli g\u0142\u00f3wnej malwa \u2013 kwiat, kt\u00f3ry by\u0142 dawniej nieod\u0142\u0105cznym elementem polskiej wsi.<\/p>\n<p>Zaj\u0119cia b\u0119d\u0105 si\u0119 odbywa\u0142y w dw\u00f3ch grupach:<br \/>\nI grupa w godz. 10.30\u201312.30,<br \/>\nII grupa w godz. 13.00\u201315.00.<\/p>\n<p>Obowi\u0105zuj\u0105 zapisy pod nr tel. 29 764 54 43 wew. 43. Ilo\u015b\u0107 miejsc ograniczona.<\/p>\n<p>Cena: 10 z\u0142 od osoby.<br \/>\nMiejsce: Muzeum Kultury Kurpiowskiej w Ostro\u0142\u0119ce przy placu gen. J\u00f3zefa Bema 8.<\/p>\n<p>Serdecznie zapraszamy!<\/p>\n","protected":false},"excerpt":{"rendered":"<p>Drodzy Pa\u0144stwo, ju\u017c najbli\u017csz\u0105 niedziel\u0119, 3 lipca rozpoczniemy tw\u00f3rcze spotkania wakacyjne z cyklu \u201eEtnodizajn po kurpiowsku\u201d. Najbli\u017csze spotkanie odb\u0119dzie si\u0119 pod has\u0142em \u201eKurpiowskie kwiaty. Malwy\u201d. Uczestnicy uwij\u0105 ozdobne kwiaty z kolorowej bibu\u0142y, nawi\u0105zuj\u0105ce swoj\u0105 form\u0105 do tradycyjnych dekoracji zdobi\u0105cych chat\u0119 kurpiowsk\u0105. Tym razem w roli g\u0142\u00f3wnej malwa \u2013 kwiat, kt\u00f3ry by\u0142 dawniej nieod\u0142\u0105cznym elementem polskiej [&hellip;]<\/p>\n","protected":false},"author":3,"featured_media":11264,"comment_status":"closed","ping_status":"closed","sticky":false,"template":"","format":"standard","meta":{"_acf_changed":false,"_lmt_disableupdate":"","_lmt_disable":"","_monsterinsights_skip_tracking":false,"_monsterinsights_sitenote_active":false,"_monsterinsights_sitenote_note":"","_monsterinsights_sitenote_category":0,"ngg_post_thumbnail":0,"footnotes":""},"categories":[3],"tags":[],"class_list":["post-11265","post","type-post","status-publish","format-standard","has-post-thumbnail","hentry","category-aktualnosci"],"acf":[],"modified_by":"Daniel Go\u0142a\u015b","_links":{"self":[{"href":"https:\/\/muzeum.ostroleka.pl\/index.php?rest_route=\/wp\/v2\/posts\/11265","targetHints":{"allow":["GET"]}}],"collection":[{"href":"https:\/\/muzeum.ostroleka.pl\/index.php?rest_route=\/wp\/v2\/posts"}],"about":[{"href":"https:\/\/muzeum.ostroleka.pl\/index.php?rest_route=\/wp\/v2\/types\/post"}],"author":[{"embeddable":true,"href":"https:\/\/muzeum.ostroleka.pl\/index.php?rest_route=\/wp\/v2\/users\/3"}],"replies":[{"embeddable":true,"href":"https:\/\/muzeum.ostroleka.pl\/index.php?rest_route=%2Fwp%2Fv2%2Fcomments&post=11265"}],"version-history":[{"count":2,"href":"https:\/\/muzeum.ostroleka.pl\/index.php?rest_route=\/wp\/v2\/posts\/11265\/revisions"}],"predecessor-version":[{"id":11267,"href":"https:\/\/muzeum.ostroleka.pl\/index.php?rest_route=\/wp\/v2\/posts\/11265\/revisions\/11267"}],"wp:featuredmedia":[{"embeddable":true,"href":"https:\/\/muzeum.ostroleka.pl\/index.php?rest_route=\/wp\/v2\/media\/11264"}],"wp:attachment":[{"href":"https:\/\/muzeum.ostroleka.pl\/index.php?rest_route=%2Fwp%2Fv2%2Fmedia&parent=11265"}],"wp:term":[{"taxonomy":"category","embeddable":true,"href":"https:\/\/muzeum.ostroleka.pl\/index.php?rest_route=%2Fwp%2Fv2%2Fcategories&post=11265"},{"taxonomy":"post_tag","embeddable":true,"href":"https:\/\/muzeum.ostroleka.pl\/index.php?rest_route=%2Fwp%2Fv2%2Ftags&post=11265"}],"curies":[{"name":"wp","href":"https:\/\/api.w.org\/{rel}","templated":true}]}}