{"id":1127,"date":"2016-08-24T12:35:57","date_gmt":"2016-08-24T11:35:57","guid":{"rendered":"http:\/\/mkk.wisnia.pl\/?p=1127"},"modified":"2019-12-16T12:50:20","modified_gmt":"2019-12-16T11:50:20","slug":"przedstawiamy-kolejny-obiekt-miesiaca-2014","status":"publish","type":"post","link":"https:\/\/muzeum.ostroleka.pl\/?p=1127","title":{"rendered":"Przedstawiamy kolejny obiekt miesi\u0105ca (2014)"},"content":{"rendered":"<div class=\"leadArticle\">\n<p><em>Etat de Service du Capitaine Bem [Joseph] Aide de Camp du G\u00e9n\u00e9ral de Brigade Bontemps &#8211; (Stan s\u0142u\u017cby kapitana Bema [J\u00f3zefa] adiutanta genera\u0142a brygady Bontemps)&nbsp;<\/em><\/p>\n<p><em>R\u0119kopis, kt\u00f3ry prezentujemy to opis s\u0142u\u017cby wojskowej J\u00f3zefa Bema sporz\u0105dzony w&nbsp;j\u0119zyku francuskim w&nbsp;1824 roku. Z tre\u015bci wynika, \u017ce J\u00f3zef Bem urodzony 14 marca 1794 roku w Tarnowie, 3 pa\u017adziernika 1809 zosta\u0142 wcielony jako kadet do Korpusu Kadet\u00f3w Artylerii i In\u017cynierii. Dalej nast\u0119puje opis awans\u00f3w, przeniesie\u0144 i dymisji, a tak\u017ce udzia\u0142u w&nbsp;wojnach, bitwach, obl\u0119\u017ceniach, odniesionych ran i otrzymanych odznacze\u0144. Zapis ko\u0144czy informacja o postawieniu Bema pod s\u0105d w&nbsp;zwi\u0105zku z podejrzeniem o&nbsp;malwersacj\u0119 pieni\u0119dzy s\u0142u\u017cbowych.<\/em><\/p>\n<\/div>\n<p>W wyniku rozprawy &#8211; podczas kt\u00f3rej nie potwierdzono zarzutu sprzeniewierzenia &#8211; J\u00f3zef Bem sp\u0119dzi\u0142 miesi\u0105c w areszcie, p\u00f3\u017aniej za\u015b zosta\u0142 przeniesiony na tzw. reform\u0119 (karne przeniesienie do innej jednostki z po\u0142ow\u0105 \u017co\u0142du). Pod\u0142o\u017cem sprawy by\u0142a prawdopodobnie ch\u0119\u0107 ukarania Bema za niedawny udzia\u0142 w tajnych zwi\u0105zkach.<br \/>\nPrezentowany obiekt nieprzypadkowo znalaz\u0142 si\u0119 w gablocie&nbsp;<em>Obiektu miesi\u0105ca<\/em>&nbsp;w marcu. To w\u0142a\u015bnie w&nbsp;najbli\u017cszych dniach przypada 220. rocznica urodzin genera\u0142a J\u00f3zefa Bema, a 23 marca &#8211; zar\u00f3wno w&nbsp;Polsce jak i na W\u0119grzech &#8211; obchodzony jest Dzie\u0144 Przyja\u017ani Polsko-W\u0119gierskiej. &nbsp;<\/p>\n<p>R\u0119kopis, papier \u017ceberkowy ze znakiem wodnym; MKK\/HA\/1057<\/p>\n<p>&nbsp;<\/p>\n<p>&nbsp;<\/p>\n","protected":false},"excerpt":{"rendered":"<p>Etat de Service du Capitaine Bem [Joseph] Aide de Camp du G\u00e9n\u00e9ral de Brigade Bontemps &#8211; (Stan s\u0142u\u017cby kapitana Bema [J\u00f3zefa] adiutanta genera\u0142a brygady Bontemps)&nbsp; R\u0119kopis, kt\u00f3ry prezentujemy to opis s\u0142u\u017cby wojskowej J\u00f3zefa Bema sporz\u0105dzony w&nbsp;j\u0119zyku francuskim w&nbsp;1824 roku. Z tre\u015bci wynika, \u017ce J\u00f3zef Bem urodzony 14 marca 1794 roku w Tarnowie, 3 pa\u017adziernika 1809 [&hellip;]<\/p>\n","protected":false},"author":1,"featured_media":1129,"comment_status":"open","ping_status":"open","sticky":false,"template":"","format":"standard","meta":{"_acf_changed":false,"_lmt_disableupdate":"","_lmt_disable":"","_monsterinsights_skip_tracking":false,"_monsterinsights_sitenote_active":false,"_monsterinsights_sitenote_note":"","_monsterinsights_sitenote_category":0,"ngg_post_thumbnail":0,"footnotes":""},"categories":[43],"tags":[],"class_list":["post-1127","post","type-post","status-publish","format-standard","has-post-thumbnail","hentry","category-obiekt-miesiaca"],"acf":[],"modified_by":"Daniel Go\u0142a\u015b","_links":{"self":[{"href":"https:\/\/muzeum.ostroleka.pl\/index.php?rest_route=\/wp\/v2\/posts\/1127","targetHints":{"allow":["GET"]}}],"collection":[{"href":"https:\/\/muzeum.ostroleka.pl\/index.php?rest_route=\/wp\/v2\/posts"}],"about":[{"href":"https:\/\/muzeum.ostroleka.pl\/index.php?rest_route=\/wp\/v2\/types\/post"}],"author":[{"embeddable":true,"href":"https:\/\/muzeum.ostroleka.pl\/index.php?rest_route=\/wp\/v2\/users\/1"}],"replies":[{"embeddable":true,"href":"https:\/\/muzeum.ostroleka.pl\/index.php?rest_route=%2Fwp%2Fv2%2Fcomments&post=1127"}],"version-history":[{"count":2,"href":"https:\/\/muzeum.ostroleka.pl\/index.php?rest_route=\/wp\/v2\/posts\/1127\/revisions"}],"predecessor-version":[{"id":1130,"href":"https:\/\/muzeum.ostroleka.pl\/index.php?rest_route=\/wp\/v2\/posts\/1127\/revisions\/1130"}],"wp:featuredmedia":[{"embeddable":true,"href":"https:\/\/muzeum.ostroleka.pl\/index.php?rest_route=\/wp\/v2\/media\/1129"}],"wp:attachment":[{"href":"https:\/\/muzeum.ostroleka.pl\/index.php?rest_route=%2Fwp%2Fv2%2Fmedia&parent=1127"}],"wp:term":[{"taxonomy":"category","embeddable":true,"href":"https:\/\/muzeum.ostroleka.pl\/index.php?rest_route=%2Fwp%2Fv2%2Fcategories&post=1127"},{"taxonomy":"post_tag","embeddable":true,"href":"https:\/\/muzeum.ostroleka.pl\/index.php?rest_route=%2Fwp%2Fv2%2Ftags&post=1127"}],"curies":[{"name":"wp","href":"https:\/\/api.w.org\/{rel}","templated":true}]}}