{"id":11271,"date":"2022-06-27T14:55:36","date_gmt":"2022-06-27T13:55:36","guid":{"rendered":"https:\/\/muzeum.ostroleka.pl\/?p=11271"},"modified":"2022-06-27T14:55:36","modified_gmt":"2022-06-27T13:55:36","slug":"zapraszamy-na-promocje-ksiazki","status":"publish","type":"post","link":"https:\/\/muzeum.ostroleka.pl\/?p=11271","title":{"rendered":"Zapraszamy na promocj\u0119 ksi\u0105\u017cki"},"content":{"rendered":"<p>Szanowni Pa\u0144stwo,<\/p>\n<p>serdecznie zapraszamy na promocj\u0119 ksi\u0105\u017cki \u201eWycinanka kurpiowska z Puszczy Zielonej. Dla ma\u0142ych, du\u017cych i ca\u0142kiem doros\u0142ych\u201d. Promocja odb\u0119dzie si\u0119 3 lipca 2022 (niedziela) o godz. 13.00 podczas pikniku literackiego \u201eImieniny Wiktora\u201d.<\/p>\n<p>W programie spotkanie z autorami oraz warsztaty artystyczne poprowadzone przez Ol\u0119 Grudzi\u0144sk\u0105, tw\u00f3rczyni\u0119 ilustracji do ksi\u0105\u017cki.<\/p>\n<p>W czasie spotkania ksi\u0105\u017cki do nabycia w promocyjnej cenie.<\/p>\n<p>&nbsp;<\/p>\n<p>Miejsce: Forty Bema w Ostro\u0142\u0119ce, ul. Warszawska 2A.&nbsp;<\/p>\n","protected":false},"excerpt":{"rendered":"<p>Szanowni Pa\u0144stwo, serdecznie zapraszamy na promocj\u0119 ksi\u0105\u017cki \u201eWycinanka kurpiowska z Puszczy Zielonej. Dla ma\u0142ych, du\u017cych i ca\u0142kiem doros\u0142ych\u201d. Promocja odb\u0119dzie si\u0119 3 lipca 2022 (niedziela) o godz. 13.00 podczas pikniku literackiego \u201eImieniny Wiktora\u201d. W programie spotkanie z autorami oraz warsztaty artystyczne poprowadzone przez Ol\u0119 Grudzi\u0144sk\u0105, tw\u00f3rczyni\u0119 ilustracji do ksi\u0105\u017cki. W czasie spotkania ksi\u0105\u017cki do nabycia [&hellip;]<\/p>\n","protected":false},"author":3,"featured_media":11270,"comment_status":"closed","ping_status":"closed","sticky":false,"template":"","format":"standard","meta":{"_acf_changed":false,"_lmt_disableupdate":"","_lmt_disable":"","_monsterinsights_skip_tracking":false,"_monsterinsights_sitenote_active":false,"_monsterinsights_sitenote_note":"","_monsterinsights_sitenote_category":0,"ngg_post_thumbnail":0,"footnotes":""},"categories":[3],"tags":[],"class_list":["post-11271","post","type-post","status-publish","format-standard","has-post-thumbnail","hentry","category-aktualnosci"],"acf":[],"modified_by":"Daniel Go\u0142a\u015b","_links":{"self":[{"href":"https:\/\/muzeum.ostroleka.pl\/index.php?rest_route=\/wp\/v2\/posts\/11271","targetHints":{"allow":["GET"]}}],"collection":[{"href":"https:\/\/muzeum.ostroleka.pl\/index.php?rest_route=\/wp\/v2\/posts"}],"about":[{"href":"https:\/\/muzeum.ostroleka.pl\/index.php?rest_route=\/wp\/v2\/types\/post"}],"author":[{"embeddable":true,"href":"https:\/\/muzeum.ostroleka.pl\/index.php?rest_route=\/wp\/v2\/users\/3"}],"replies":[{"embeddable":true,"href":"https:\/\/muzeum.ostroleka.pl\/index.php?rest_route=%2Fwp%2Fv2%2Fcomments&post=11271"}],"version-history":[{"count":1,"href":"https:\/\/muzeum.ostroleka.pl\/index.php?rest_route=\/wp\/v2\/posts\/11271\/revisions"}],"predecessor-version":[{"id":11272,"href":"https:\/\/muzeum.ostroleka.pl\/index.php?rest_route=\/wp\/v2\/posts\/11271\/revisions\/11272"}],"wp:featuredmedia":[{"embeddable":true,"href":"https:\/\/muzeum.ostroleka.pl\/index.php?rest_route=\/wp\/v2\/media\/11270"}],"wp:attachment":[{"href":"https:\/\/muzeum.ostroleka.pl\/index.php?rest_route=%2Fwp%2Fv2%2Fmedia&parent=11271"}],"wp:term":[{"taxonomy":"category","embeddable":true,"href":"https:\/\/muzeum.ostroleka.pl\/index.php?rest_route=%2Fwp%2Fv2%2Fcategories&post=11271"},{"taxonomy":"post_tag","embeddable":true,"href":"https:\/\/muzeum.ostroleka.pl\/index.php?rest_route=%2Fwp%2Fv2%2Ftags&post=11271"}],"curies":[{"name":"wp","href":"https:\/\/api.w.org\/{rel}","templated":true}]}}