{"id":1134,"date":"2016-08-24T12:38:32","date_gmt":"2016-08-24T11:38:32","guid":{"rendered":"http:\/\/mkk.wisnia.pl\/?p=1134"},"modified":"2019-12-16T12:49:30","modified_gmt":"2019-12-16T11:49:30","slug":"majowy-obiekt-miesiaca-ziemowit-iii-ksiaze-mazowiecki-na-czersku-2014","status":"publish","type":"post","link":"https:\/\/muzeum.ostroleka.pl\/?p=1134","title":{"rendered":"Majowy obiekt miesi\u0105ca &#8211; Ziemowit III ksi\u0105\u017c\u0119 mazowiecki na Czersku (2014)"},"content":{"rendered":"<div class=\"leadArticle\">\n<p>Wizerunek Siemowita III, ksi\u0119cia mazowieckiego, opublikowany w&nbsp;Tygodniku Powszechnym (nr&nbsp;24,&nbsp;11.06.1882 r.). Rycina powsta\u0142a na podstawie rysunku Jana Matejki wzoruj\u0105cego si\u0119 na dawnej piecz\u0119ci. Na prezentowanej rycinie ksi\u0105\u017c\u0119 ubrany jest w tunik\u0119, na kt\u00f3rej znajduje si\u0119 kr\u00f3tka zbroja, na g\u0142owie ma mitr\u0119 ksi\u0105\u017c\u0119c\u0105, w prawej d\u0142oni trzyma oszczep, w lewej tarcz\u0119. Na pasie przy boku miecz.<\/p>\n<\/div>\n<p>12 maja 1373 r. Siemowit III nada\u0142 przywilej na w\u00f3jtostwo ostro\u0142\u0119ckie \u015awi\u0119tos\u0142awowi Romie. Jest to najstarszy odnaleziony przekaz \u017ar\u00f3d\u0142owy, w kt\u00f3rym pojawia si\u0119 nazwa miasta. Interpretacja tekstu pozwala przypuszcza\u0107, \u017ce miasto mog\u0142o istnie\u0107 ju\u017c wcze\u015bniej. Orygina\u0142 przywileju lokacyjnego Ostro\u0142\u0119ki &#8211; podobnie jak w przypadku wielu miast mazowieckich &#8211; zagin\u0105\u0142.<\/p>\n<p><em>J. Matejko (rys.), 1878, drzeworyt, MKK\/H\/1887&nbsp;<\/em><\/p>\n<p>&nbsp;<\/p>\n<p>&nbsp;<\/p>\n","protected":false},"excerpt":{"rendered":"<p>Wizerunek Siemowita III, ksi\u0119cia mazowieckiego, opublikowany w&nbsp;Tygodniku Powszechnym (nr&nbsp;24,&nbsp;11.06.1882 r.). Rycina powsta\u0142a na podstawie rysunku Jana Matejki wzoruj\u0105cego si\u0119 na dawnej piecz\u0119ci. Na prezentowanej rycinie ksi\u0105\u017c\u0119 ubrany jest w tunik\u0119, na kt\u00f3rej znajduje si\u0119 kr\u00f3tka zbroja, na g\u0142owie ma mitr\u0119 ksi\u0105\u017c\u0119c\u0105, w prawej d\u0142oni trzyma oszczep, w lewej tarcz\u0119. Na pasie przy boku miecz. 12 [&hellip;]<\/p>\n","protected":false},"author":1,"featured_media":1136,"comment_status":"open","ping_status":"open","sticky":false,"template":"","format":"standard","meta":{"_acf_changed":false,"_lmt_disableupdate":"","_lmt_disable":"","_monsterinsights_skip_tracking":false,"_monsterinsights_sitenote_active":false,"_monsterinsights_sitenote_note":"","_monsterinsights_sitenote_category":0,"ngg_post_thumbnail":0,"footnotes":""},"categories":[43],"tags":[],"class_list":["post-1134","post","type-post","status-publish","format-standard","has-post-thumbnail","hentry","category-obiekt-miesiaca"],"acf":[],"modified_by":"Daniel Go\u0142a\u015b","_links":{"self":[{"href":"https:\/\/muzeum.ostroleka.pl\/index.php?rest_route=\/wp\/v2\/posts\/1134","targetHints":{"allow":["GET"]}}],"collection":[{"href":"https:\/\/muzeum.ostroleka.pl\/index.php?rest_route=\/wp\/v2\/posts"}],"about":[{"href":"https:\/\/muzeum.ostroleka.pl\/index.php?rest_route=\/wp\/v2\/types\/post"}],"author":[{"embeddable":true,"href":"https:\/\/muzeum.ostroleka.pl\/index.php?rest_route=\/wp\/v2\/users\/1"}],"replies":[{"embeddable":true,"href":"https:\/\/muzeum.ostroleka.pl\/index.php?rest_route=%2Fwp%2Fv2%2Fcomments&post=1134"}],"version-history":[{"count":2,"href":"https:\/\/muzeum.ostroleka.pl\/index.php?rest_route=\/wp\/v2\/posts\/1134\/revisions"}],"predecessor-version":[{"id":1137,"href":"https:\/\/muzeum.ostroleka.pl\/index.php?rest_route=\/wp\/v2\/posts\/1134\/revisions\/1137"}],"wp:featuredmedia":[{"embeddable":true,"href":"https:\/\/muzeum.ostroleka.pl\/index.php?rest_route=\/wp\/v2\/media\/1136"}],"wp:attachment":[{"href":"https:\/\/muzeum.ostroleka.pl\/index.php?rest_route=%2Fwp%2Fv2%2Fmedia&parent=1134"}],"wp:term":[{"taxonomy":"category","embeddable":true,"href":"https:\/\/muzeum.ostroleka.pl\/index.php?rest_route=%2Fwp%2Fv2%2Fcategories&post=1134"},{"taxonomy":"post_tag","embeddable":true,"href":"https:\/\/muzeum.ostroleka.pl\/index.php?rest_route=%2Fwp%2Fv2%2Ftags&post=1134"}],"curies":[{"name":"wp","href":"https:\/\/api.w.org\/{rel}","templated":true}]}}