{"id":1138,"date":"2016-08-24T12:40:16","date_gmt":"2016-08-24T11:40:16","guid":{"rendered":"http:\/\/mkk.wisnia.pl\/?p=1138"},"modified":"2019-12-16T12:48:57","modified_gmt":"2019-12-16T11:48:57","slug":"gruchac-czerwcowy-obiekt-miesiaca-2014","status":"publish","type":"post","link":"https:\/\/muzeum.ostroleka.pl\/?p=1138","title":{"rendered":"Gruchac &#8211; czerwcowy obiekt miesi\u0105ca (2014)"},"content":{"rendered":"<div class=\"leadArticle\">\n<p>Przedmiot obrz\u0119dowy sk\u0142adaj\u0105cy si\u0119 z plastikowej miseczki, metalowych element\u00f3w d\u017awi\u0119kotw\u00f3rczych (najcz\u0119\u015bciej monet) oraz serwetki pe\u0142ni\u0105cej funkcj\u0119 membrany. Ta ostatnia zosta\u0142a wykonana z p\u0142\u00f3tna bawe\u0142nianego ozdobionego syntetycznymi tasiemkami oraz cekinami w&nbsp;kszta\u0142cie listk\u00f3w. Pod dnem naczynia serwetka zosta\u0142a zebrana i&nbsp;zwi\u0105zana gumk\u0105 oraz tasiemk\u0105 w kolorze czerwonym.<\/p>\n<\/div>\n<p><em>Gruchac&nbsp;<\/em>by\u0142 symbolem czepka \u2013 od\u015bwi\u0119tnego nakrycia g\u0142owy m\u0119\u017catek, nak\u0142adanego pannie m\u0142odej podczas oczepin. By\u0142 r\u00f3wnie\u017c nieod\u0142\u0105cznym elementem korowodowego&nbsp;<em>ta\u0144ca z&nbsp;gruchacem<\/em>&nbsp;wykonywanego przez zam\u0119\u017cne kobiety. Podczas obrz\u0119du weselnego tancerki formowa\u0142y ko\u0142o. Mistrzyni ceremonii zwana&nbsp;<em>cepcark\u0105<\/em>&nbsp;wchodzi\u0142a do \u015brodka, a nast\u0119pnie ta\u0144czy\u0142a rytmicznie potrz\u0105saj\u0105c&nbsp;<em>gruchacem<\/em>. Gdy si\u0119 zm\u0119czy\u0142a zast\u0119powa\u0142y j\u0105 pozosta\u0142e tancerki.<\/p>\n<p>Akcji tanecznej towarzyszy\u0142 \u015bpiew:<\/p>\n<p><em>Graj gracyku aby\u015b m\u00f3g\u0142, nie \u017ca\u0142uj\u017ce moich n\u00f3g.<br \/>\n<\/em><em>Moje nogi stalowe, do tanecka gotowe.<\/em>&nbsp;\/ bis<\/p>\n<p><em>Graj gracyku aby\u015b m\u00f3g\u0142, nie \u017ca\u0142uj\u017ce moich n\u00f3g.<br \/>\n<\/em><em>Moje nogi z \u017celaza, nie ustan\u0105 ni raza<\/em>. \/bis<\/p>\n<p><em>Graj gracyku, aby aby, niechaj ta\u0144cz\u0105 same baby.<br \/>\n<\/em><em>Graj gracyku aby\u015b m\u00f3g\u0142, nie \u017ca\u0142uj\u017ce moich n\u00f3g.&nbsp;<\/em>\/ bis<\/p>\n<p><em>Graj gracyku apu apu, niechaj skacz\u0105 do pu\u0142apu.<br \/>\n<\/em><em>Graj gracyku aby\u015b m\u00f3g\u0142, nie \u017ca\u0142uj\u017ce moich n\u00f3g<\/em>. \/ bis<\/p>\n<p><em>nn, 1970-1990, Kadzid\u0142o, technika w\u0142asna, MKK\/E\/3696<\/em><\/p>\n<p>&nbsp;<\/p>\n<p>&nbsp;<\/p>\n","protected":false},"excerpt":{"rendered":"<p>Przedmiot obrz\u0119dowy sk\u0142adaj\u0105cy si\u0119 z plastikowej miseczki, metalowych element\u00f3w d\u017awi\u0119kotw\u00f3rczych (najcz\u0119\u015bciej monet) oraz serwetki pe\u0142ni\u0105cej funkcj\u0119 membrany. Ta ostatnia zosta\u0142a wykonana z p\u0142\u00f3tna bawe\u0142nianego ozdobionego syntetycznymi tasiemkami oraz cekinami w&nbsp;kszta\u0142cie listk\u00f3w. Pod dnem naczynia serwetka zosta\u0142a zebrana i&nbsp;zwi\u0105zana gumk\u0105 oraz tasiemk\u0105 w kolorze czerwonym. Gruchac&nbsp;by\u0142 symbolem czepka \u2013 od\u015bwi\u0119tnego nakrycia g\u0142owy m\u0119\u017catek, nak\u0142adanego pannie m\u0142odej [&hellip;]<\/p>\n","protected":false},"author":1,"featured_media":1140,"comment_status":"open","ping_status":"open","sticky":false,"template":"","format":"standard","meta":{"_acf_changed":false,"_lmt_disableupdate":"","_lmt_disable":"","_monsterinsights_skip_tracking":false,"_monsterinsights_sitenote_active":false,"_monsterinsights_sitenote_note":"","_monsterinsights_sitenote_category":0,"ngg_post_thumbnail":0,"footnotes":""},"categories":[43],"tags":[],"class_list":["post-1138","post","type-post","status-publish","format-standard","has-post-thumbnail","hentry","category-obiekt-miesiaca"],"acf":[],"modified_by":"Daniel Go\u0142a\u015b","_links":{"self":[{"href":"https:\/\/muzeum.ostroleka.pl\/index.php?rest_route=\/wp\/v2\/posts\/1138","targetHints":{"allow":["GET"]}}],"collection":[{"href":"https:\/\/muzeum.ostroleka.pl\/index.php?rest_route=\/wp\/v2\/posts"}],"about":[{"href":"https:\/\/muzeum.ostroleka.pl\/index.php?rest_route=\/wp\/v2\/types\/post"}],"author":[{"embeddable":true,"href":"https:\/\/muzeum.ostroleka.pl\/index.php?rest_route=\/wp\/v2\/users\/1"}],"replies":[{"embeddable":true,"href":"https:\/\/muzeum.ostroleka.pl\/index.php?rest_route=%2Fwp%2Fv2%2Fcomments&post=1138"}],"version-history":[{"count":2,"href":"https:\/\/muzeum.ostroleka.pl\/index.php?rest_route=\/wp\/v2\/posts\/1138\/revisions"}],"predecessor-version":[{"id":1141,"href":"https:\/\/muzeum.ostroleka.pl\/index.php?rest_route=\/wp\/v2\/posts\/1138\/revisions\/1141"}],"wp:featuredmedia":[{"embeddable":true,"href":"https:\/\/muzeum.ostroleka.pl\/index.php?rest_route=\/wp\/v2\/media\/1140"}],"wp:attachment":[{"href":"https:\/\/muzeum.ostroleka.pl\/index.php?rest_route=%2Fwp%2Fv2%2Fmedia&parent=1138"}],"wp:term":[{"taxonomy":"category","embeddable":true,"href":"https:\/\/muzeum.ostroleka.pl\/index.php?rest_route=%2Fwp%2Fv2%2Fcategories&post=1138"},{"taxonomy":"post_tag","embeddable":true,"href":"https:\/\/muzeum.ostroleka.pl\/index.php?rest_route=%2Fwp%2Fv2%2Ftags&post=1138"}],"curies":[{"name":"wp","href":"https:\/\/api.w.org\/{rel}","templated":true}]}}