{"id":1142,"date":"2016-08-24T12:42:04","date_gmt":"2016-08-24T11:42:04","guid":{"rendered":"http:\/\/mkk.wisnia.pl\/?p=1142"},"modified":"2019-12-16T12:48:30","modified_gmt":"2019-12-16T11:48:30","slug":"kartka-z-obozu-jenieckiego-lipcowy-obiekt-miesiaca-2014","status":"publish","type":"post","link":"https:\/\/muzeum.ostroleka.pl\/?p=1142","title":{"rendered":"Kartka z obozu jenieckiego &#8211; lipcowy obiekt miesi\u0105ca (2014)"},"content":{"rendered":"<div class=\"leadArticle\">\n<p>Kartka zawiera \u017cyczenia imieninowe przes\u0142ane ze stalagu dla Marii Sakowskiej przez Konstantego Sakowskiego. Odr\u0119czny napis umieszczony na kartonie zdobionym wyrze\u017abionymi w papierze kwiatami i&nbsp;k\u0142osami zbo\u017ca.<\/p>\n<\/div>\n<p>Wi\u0119\u017aniowie oboz\u00f3w jenieckich mieli pewn\u0105 swobod\u0119 w korespondencji z rodzin\u0105. Ju\u017c w tydzie\u0144 po przybyciu do obozu mogli ich zawiadomi\u0107 o swojej niewoli. Obowi\u0105zywa\u0142 jedynie zakaz opisywania \u017cycia w obozie. Je\u0144cy wojenni sp\u0119dzali wi\u0119kszo\u015b\u0107 czasu na pracy na rzecz okupanta. W wolnych chwilach cz\u0119sto zajmowali si\u0119 przygotowywaniem upomink\u00f3w dla bliskich. Wyrze\u017abione przez Konstantego Sakowskiego w kartonie motywy ro\u015blinne stanowi\u0105 niezwyk\u0142y przyk\u0142ad r\u0119kodzie\u0142a.<\/p>\n<p>Ob\u00f3z w Neubrandenburgu powsta\u0142 we wrze\u015bniu 1939 r. pod nazw\u0105 Stalag II-A. Pierwszymi wi\u0119\u017aniami, osadzonymi ju\u017c 12 wrze\u015bnia, byli polscy \u017co\u0142nierze z ofensywy wrze\u015bniowej. W p\u00f3\u017aniejszych latach do obozu trafiali r\u00f3wnie\u017c \u017co\u0142nierze innych narodowo\u015bci. W grudniu 1944 r. w Neubrandenburgu znajdowa\u0142o si\u0119, poza innymi je\u0144cami, 738 Polak\u00f3w. Ob\u00f3z zosta\u0142 wyzwolony 28 kwietnia 1945 r. przez Armi\u0119 Czerwon\u0105 i przemianowany na Specjalny Ob\u00f3z NKWD Numer 9.<\/p>\n<p>&nbsp;<\/p>\n<p>&nbsp;<\/p>\n","protected":false},"excerpt":{"rendered":"<p>Kartka zawiera \u017cyczenia imieninowe przes\u0142ane ze stalagu dla Marii Sakowskiej przez Konstantego Sakowskiego. Odr\u0119czny napis umieszczony na kartonie zdobionym wyrze\u017abionymi w papierze kwiatami i&nbsp;k\u0142osami zbo\u017ca. Wi\u0119\u017aniowie oboz\u00f3w jenieckich mieli pewn\u0105 swobod\u0119 w korespondencji z rodzin\u0105. Ju\u017c w tydzie\u0144 po przybyciu do obozu mogli ich zawiadomi\u0107 o swojej niewoli. Obowi\u0105zywa\u0142 jedynie zakaz opisywania \u017cycia w obozie. [&hellip;]<\/p>\n","protected":false},"author":1,"featured_media":1144,"comment_status":"open","ping_status":"open","sticky":false,"template":"","format":"standard","meta":{"_acf_changed":false,"_lmt_disableupdate":"","_lmt_disable":"","_monsterinsights_skip_tracking":false,"_monsterinsights_sitenote_active":false,"_monsterinsights_sitenote_note":"","_monsterinsights_sitenote_category":0,"ngg_post_thumbnail":0,"footnotes":""},"categories":[43],"tags":[],"class_list":["post-1142","post","type-post","status-publish","format-standard","has-post-thumbnail","hentry","category-obiekt-miesiaca"],"acf":[],"modified_by":"Daniel Go\u0142a\u015b","_links":{"self":[{"href":"https:\/\/muzeum.ostroleka.pl\/index.php?rest_route=\/wp\/v2\/posts\/1142","targetHints":{"allow":["GET"]}}],"collection":[{"href":"https:\/\/muzeum.ostroleka.pl\/index.php?rest_route=\/wp\/v2\/posts"}],"about":[{"href":"https:\/\/muzeum.ostroleka.pl\/index.php?rest_route=\/wp\/v2\/types\/post"}],"author":[{"embeddable":true,"href":"https:\/\/muzeum.ostroleka.pl\/index.php?rest_route=\/wp\/v2\/users\/1"}],"replies":[{"embeddable":true,"href":"https:\/\/muzeum.ostroleka.pl\/index.php?rest_route=%2Fwp%2Fv2%2Fcomments&post=1142"}],"version-history":[{"count":2,"href":"https:\/\/muzeum.ostroleka.pl\/index.php?rest_route=\/wp\/v2\/posts\/1142\/revisions"}],"predecessor-version":[{"id":1145,"href":"https:\/\/muzeum.ostroleka.pl\/index.php?rest_route=\/wp\/v2\/posts\/1142\/revisions\/1145"}],"wp:featuredmedia":[{"embeddable":true,"href":"https:\/\/muzeum.ostroleka.pl\/index.php?rest_route=\/wp\/v2\/media\/1144"}],"wp:attachment":[{"href":"https:\/\/muzeum.ostroleka.pl\/index.php?rest_route=%2Fwp%2Fv2%2Fmedia&parent=1142"}],"wp:term":[{"taxonomy":"category","embeddable":true,"href":"https:\/\/muzeum.ostroleka.pl\/index.php?rest_route=%2Fwp%2Fv2%2Fcategories&post=1142"},{"taxonomy":"post_tag","embeddable":true,"href":"https:\/\/muzeum.ostroleka.pl\/index.php?rest_route=%2Fwp%2Fv2%2Ftags&post=1142"}],"curies":[{"name":"wp","href":"https:\/\/api.w.org\/{rel}","templated":true}]}}