{"id":1154,"date":"2016-08-24T12:47:25","date_gmt":"2016-08-24T11:47:25","guid":{"rendered":"http:\/\/mkk.wisnia.pl\/?p=1154"},"modified":"2019-12-16T12:47:04","modified_gmt":"2019-12-16T11:47:04","slug":"pazdziernik-2014-bursztynowy-przyrzad","status":"publish","type":"post","link":"https:\/\/muzeum.ostroleka.pl\/?p=1154","title":{"rendered":"Pa\u017adziernik 2014 &#8211; bursztynowy przyrz\u0105d"},"content":{"rendered":"<div class=\"leadArticle\">\n<p>Prezentowany w gablocie obiekt jest wsp\u00f3\u0142czesn\u0105 rekonstrukcj\u0105 narz\u0119dzia s\u0142u\u017c\u0105cego do usuwania skazy na oku. Przyrz\u0105d ma form\u0119 j\u0119zyczka. Na jednym ko\u0144cu zaokr\u0105glony, obrobiony na g\u0142adko, na drugim nieco cie\u0144szy, ostro zako\u0144czony. Przedmiot wykonany jest z&nbsp;bursztynu o barwie bia\u0142o\u017c\u00f3\u0142tej, nieco zamglony, z widocznymi bia\u0142ymi \u017cy\u0142kami. Bursztyn o takim kolorze zwany jest przez Kurpi\u00f3w \u201ekapu\u015bniakiem\u201d lub \u201ekapu\u015bciakiem\u201d, poniewa\u017c przywodzi na my\u015bl kolor \u015bwie\u017cej kapusty.<\/p>\n<\/div>\n<p>Podczas leczniczego zabiegu przyrz\u0105d rozgrzewano przez pocieranie o sukno, nast\u0119pnie okr\u0105\u017cano nim oko pod powiek\u0105. W ten spos\u00f3b usuwano z zapr\u00f3szonego oka py\u0142ki, leczono krosty i zapalenie kas.<\/p>\n<p>Rozkwit bursztyniarstwa ludowego na Kurpiach przypad\u0142 na wiek XIX, przyczyni\u0142y si\u0119 to tego z\u0142o\u017ca bursztynu kopalnego, kt\u00f3re obfitowa\u0142y w rejonie. W tamtym czasie dzia\u0142a\u0142o tu oko\u0142o 130 kopalni wydobywaj\u0105cych bursztyn min. w okolicach Ostro\u0142\u0119ki, Myszy\u0144ca, Dylewa, Czarni i Brzozowego.<\/p>\n<p>Obr\u00f3bk\u0105 bursztynu zajmowali si\u0119 zar\u00f3wno wprawieni rzemie\u015blnicy, jak i ch\u0142opi. S\u0142u\u017cy\u0142y im do tego prymitywne warsztaty, przerabiane najcz\u0119\u015bciej z ko\u0142owrotk\u00f3w. Kurpie wyrabiali z bursztyn\u00f3w korale, medaliony i krzy\u017cyki, cz\u0119\u015bci fajek, cygarniczki oraz tabakierki, r\u0105czki do lasek, ka\u0142amarze, dewizki, guziki, kubeczki, kule dla dzieci, spinki itp.<\/p>\n<p>Popularny na ca\u0142ym obszarze Kurpiowszczyzny bursztyn, zwany r\u00f3wnie\u017c jantarem, znalaz\u0142 zastosowanie jako ozdoba, waluta i wotum. Przypisywano mu w\u0142a\u015bciwo\u015bci apotropaiczne, ponadto wykorzystywano go w ludowej medycynie. Dym z bursztynu palonego na &nbsp;\u0142y\u017cce na w\u0119gielkach mia\u0142 pomaga\u0107 na wszelkie b\u00f3le. Noszenie bursztynowych korali mia\u0142o wp\u0142ywa\u0107 korzystnie na zdrowie oczu i g\u0142owy. Z kolei zabawki wykonane z bursztynu mia\u0142y chroni\u0107 dzieci przed napadami konwulsji, a jantarowe pa\u0142eczki leczy\u0107 zapalenie oczu.<\/p>\n<p><em>1988, Ba\u0142dyga Czes\u0142aw, Siarcza \u0141\u0105ka, bursztyn kopalny, nr inw. MOO\/E\/2174<\/em><\/p>\n<p>&nbsp;<\/p>\n<p>&nbsp;<\/p>\n","protected":false},"excerpt":{"rendered":"<p>Prezentowany w gablocie obiekt jest wsp\u00f3\u0142czesn\u0105 rekonstrukcj\u0105 narz\u0119dzia s\u0142u\u017c\u0105cego do usuwania skazy na oku. Przyrz\u0105d ma form\u0119 j\u0119zyczka. Na jednym ko\u0144cu zaokr\u0105glony, obrobiony na g\u0142adko, na drugim nieco cie\u0144szy, ostro zako\u0144czony. Przedmiot wykonany jest z&nbsp;bursztynu o barwie bia\u0142o\u017c\u00f3\u0142tej, nieco zamglony, z widocznymi bia\u0142ymi \u017cy\u0142kami. Bursztyn o takim kolorze zwany jest przez Kurpi\u00f3w \u201ekapu\u015bniakiem\u201d lub \u201ekapu\u015bciakiem\u201d, [&hellip;]<\/p>\n","protected":false},"author":1,"featured_media":1156,"comment_status":"open","ping_status":"open","sticky":false,"template":"","format":"standard","meta":{"_acf_changed":false,"_lmt_disableupdate":"","_lmt_disable":"","_monsterinsights_skip_tracking":false,"_monsterinsights_sitenote_active":false,"_monsterinsights_sitenote_note":"","_monsterinsights_sitenote_category":0,"ngg_post_thumbnail":0,"footnotes":""},"categories":[43],"tags":[],"class_list":["post-1154","post","type-post","status-publish","format-standard","has-post-thumbnail","hentry","category-obiekt-miesiaca"],"acf":[],"modified_by":"Daniel Go\u0142a\u015b","_links":{"self":[{"href":"https:\/\/muzeum.ostroleka.pl\/index.php?rest_route=\/wp\/v2\/posts\/1154","targetHints":{"allow":["GET"]}}],"collection":[{"href":"https:\/\/muzeum.ostroleka.pl\/index.php?rest_route=\/wp\/v2\/posts"}],"about":[{"href":"https:\/\/muzeum.ostroleka.pl\/index.php?rest_route=\/wp\/v2\/types\/post"}],"author":[{"embeddable":true,"href":"https:\/\/muzeum.ostroleka.pl\/index.php?rest_route=\/wp\/v2\/users\/1"}],"replies":[{"embeddable":true,"href":"https:\/\/muzeum.ostroleka.pl\/index.php?rest_route=%2Fwp%2Fv2%2Fcomments&post=1154"}],"version-history":[{"count":2,"href":"https:\/\/muzeum.ostroleka.pl\/index.php?rest_route=\/wp\/v2\/posts\/1154\/revisions"}],"predecessor-version":[{"id":1157,"href":"https:\/\/muzeum.ostroleka.pl\/index.php?rest_route=\/wp\/v2\/posts\/1154\/revisions\/1157"}],"wp:featuredmedia":[{"embeddable":true,"href":"https:\/\/muzeum.ostroleka.pl\/index.php?rest_route=\/wp\/v2\/media\/1156"}],"wp:attachment":[{"href":"https:\/\/muzeum.ostroleka.pl\/index.php?rest_route=%2Fwp%2Fv2%2Fmedia&parent=1154"}],"wp:term":[{"taxonomy":"category","embeddable":true,"href":"https:\/\/muzeum.ostroleka.pl\/index.php?rest_route=%2Fwp%2Fv2%2Fcategories&post=1154"},{"taxonomy":"post_tag","embeddable":true,"href":"https:\/\/muzeum.ostroleka.pl\/index.php?rest_route=%2Fwp%2Fv2%2Ftags&post=1154"}],"curies":[{"name":"wp","href":"https:\/\/api.w.org\/{rel}","templated":true}]}}