{"id":1158,"date":"2016-08-24T12:48:07","date_gmt":"2016-08-24T11:48:07","guid":{"rendered":"http:\/\/mkk.wisnia.pl\/?p=1158"},"modified":"2019-12-16T12:44:32","modified_gmt":"2019-12-16T11:44:32","slug":"czasopismo-razem-nr-3-366-z-15-01-1984-r-listopadowy-obiekt-miesiaca-2014","status":"publish","type":"post","link":"https:\/\/muzeum.ostroleka.pl\/?p=1158","title":{"rendered":"Czasopismo \u201eRazem\u201d, nr 3 (366) z 15.01.1984 r. &#8211; listopadowy obiekt miesi\u0105ca (2014)"},"content":{"rendered":"<div class=\"leadArticle\">\n<p>Ilustrowany Tygodnik M\u0142odzie\u017cy \u201eRazem\u201d, jedno z najbardziej popularnych czasopism w latach 70. i 80. XX w., w styczniu 1984 roku zamie\u015bci\u0142 wywiad z Paw\u0142em Op\u0119chowskim. W rozmowie prowadzonej przez Renat\u0119 Kopczewsk\u0105 m\u0142ody, ostro\u0142\u0119cki aktor i re\u017cyser opowiada\u0142 o&nbsp;swojej pracy, planach i sukcesach.<\/p>\n<\/div>\n<p>Op\u0119chowski zacz\u0105\u0142 przygod\u0119 z sztuk\u0105 aktorsk\u0105 w prowadzonym przez Tadeusza Siewierskiego Teatrze Ma\u0142ych Form Teatralnych przy ostro\u0142\u0119ckim liceum og\u00f3lnokszta\u0142c\u0105cym. Sko\u0144czy\u0142 Studium Teatralne w&nbsp;Ciechanowie na kierunku &#8211; re\u017cyseria. Pracowa\u0142 w Wojew\u00f3dzkim O\u015brodku Kultury w Ostro\u0142\u0119ce jako instruktor do spraw upowszechniania teatru. By\u0142 za\u0142o\u017cycielem odnosz\u0105cej og\u00f3lnopolskie sukcesy Ostro\u0142\u0119ckiej Grupy Teatralnej \u201eArka\u201d, prowadzi\u0142 teatrzyk dzieci\u0119cy \u201eFiga\u201d i zaj\u0119cia teatralne dla senior\u00f3w. Dzi\u0119ki jego zabiegom fina\u0142y Og\u00f3lnopolskiego Konkursu Recytatorskiego zacz\u0119\u0142y odbywa\u0107 si\u0119 w Ostro\u0142\u0119ce.<\/p>\n<p>W udzielanym wywiadzie opowiada\u0142 o swojej pasji teatralnej, o satysfakcji z pracy, o planach &nbsp;rozbudowy zespo\u0142u i przygotowywaniu nowych spektakli. Na ok\u0142adce pisma znalaz\u0142a si\u0119 fotografia autorstwa Jacka Kucharczyka przedstawiaj\u0105ca grup\u0119 \u201eArka\u201d ze swoim re\u017cyserem na pierwszym planie, za\u015b sam wywiad zdobi czarno-bia\u0142e zdj\u0119cie id\u0105cego po\u015br\u00f3d zimowych drzew Paw\u0142a Op\u0119chowskiego.<\/p>\n<p>15 pa\u017adziernika bie\u017c\u0105cego roku min\u0119\u0142a trzydziesta rocznica \u015bmierci artysty, kt\u00f3ry zgin\u0105\u0142 w wypadku samochodowym kilka miesi\u0119cy po udzieleniu wywiadu.<\/p>\n<p><em>RSW \u201ePrasa-Ksi\u0105\u017cka-Ruch\u201d, druk, nr inw. MKK\/HA\/2070<\/em><\/p>\n<p>&nbsp;<\/p>\n<p>&nbsp;<\/p>\n","protected":false},"excerpt":{"rendered":"<p>Ilustrowany Tygodnik M\u0142odzie\u017cy \u201eRazem\u201d, jedno z najbardziej popularnych czasopism w latach 70. i 80. XX w., w styczniu 1984 roku zamie\u015bci\u0142 wywiad z Paw\u0142em Op\u0119chowskim. W rozmowie prowadzonej przez Renat\u0119 Kopczewsk\u0105 m\u0142ody, ostro\u0142\u0119cki aktor i re\u017cyser opowiada\u0142 o&nbsp;swojej pracy, planach i sukcesach. Op\u0119chowski zacz\u0105\u0142 przygod\u0119 z sztuk\u0105 aktorsk\u0105 w prowadzonym przez Tadeusza Siewierskiego Teatrze Ma\u0142ych [&hellip;]<\/p>\n","protected":false},"author":1,"featured_media":1160,"comment_status":"open","ping_status":"open","sticky":false,"template":"","format":"standard","meta":{"_acf_changed":false,"_lmt_disableupdate":"","_lmt_disable":"","_monsterinsights_skip_tracking":false,"_monsterinsights_sitenote_active":false,"_monsterinsights_sitenote_note":"","_monsterinsights_sitenote_category":0,"ngg_post_thumbnail":0,"footnotes":""},"categories":[43],"tags":[],"class_list":["post-1158","post","type-post","status-publish","format-standard","has-post-thumbnail","hentry","category-obiekt-miesiaca"],"acf":[],"modified_by":"Daniel Go\u0142a\u015b","_links":{"self":[{"href":"https:\/\/muzeum.ostroleka.pl\/index.php?rest_route=\/wp\/v2\/posts\/1158","targetHints":{"allow":["GET"]}}],"collection":[{"href":"https:\/\/muzeum.ostroleka.pl\/index.php?rest_route=\/wp\/v2\/posts"}],"about":[{"href":"https:\/\/muzeum.ostroleka.pl\/index.php?rest_route=\/wp\/v2\/types\/post"}],"author":[{"embeddable":true,"href":"https:\/\/muzeum.ostroleka.pl\/index.php?rest_route=\/wp\/v2\/users\/1"}],"replies":[{"embeddable":true,"href":"https:\/\/muzeum.ostroleka.pl\/index.php?rest_route=%2Fwp%2Fv2%2Fcomments&post=1158"}],"version-history":[{"count":2,"href":"https:\/\/muzeum.ostroleka.pl\/index.php?rest_route=\/wp\/v2\/posts\/1158\/revisions"}],"predecessor-version":[{"id":1161,"href":"https:\/\/muzeum.ostroleka.pl\/index.php?rest_route=\/wp\/v2\/posts\/1158\/revisions\/1161"}],"wp:featuredmedia":[{"embeddable":true,"href":"https:\/\/muzeum.ostroleka.pl\/index.php?rest_route=\/wp\/v2\/media\/1160"}],"wp:attachment":[{"href":"https:\/\/muzeum.ostroleka.pl\/index.php?rest_route=%2Fwp%2Fv2%2Fmedia&parent=1158"}],"wp:term":[{"taxonomy":"category","embeddable":true,"href":"https:\/\/muzeum.ostroleka.pl\/index.php?rest_route=%2Fwp%2Fv2%2Fcategories&post=1158"},{"taxonomy":"post_tag","embeddable":true,"href":"https:\/\/muzeum.ostroleka.pl\/index.php?rest_route=%2Fwp%2Fv2%2Ftags&post=1158"}],"curies":[{"name":"wp","href":"https:\/\/api.w.org\/{rel}","templated":true}]}}