{"id":11608,"date":"2022-09-15T11:30:07","date_gmt":"2022-09-15T10:30:07","guid":{"rendered":"https:\/\/muzeum.ostroleka.pl\/?p=11608"},"modified":"2022-12-28T11:07:37","modified_gmt":"2022-12-28T10:07:37","slug":"wystawa-komiksowa-zostala-otwarta","status":"publish","type":"post","link":"https:\/\/muzeum.ostroleka.pl\/?p=11608","title":{"rendered":"Wystawa komiksowa zosta\u0142a otwarta"},"content":{"rendered":"<p style=\"text-align: justify;\">Nie lada gratk\u0105 dla pasjonat\u00f3w komiksu by\u0142o wczorajsze otwarcie wystawy \u201eDYMKI, KADRY, RAMKI \u2013 POLSKA\u201d. Na ekspozycji zaprezentowane zosta\u0142y oryginalne rysunki polskich tw\u00f3rc\u00f3w, takich jak m.in. \u201ePapcio Chmiel\u201d, S\u0142awomir Kie\u0142bus, Tadeusz Baranowski czy Edward Lutczyn. Staszek Or\u0142owski, kt\u00f3ry jest w\u0142a\u015bcicielem kolekcji, rozmawia\u0142 z go\u015b\u0107mi o swojej pasji, zbiorach, tw\u00f3rcach komiksu oraz zaprosi\u0142 do uczestnictwa w Ostro\u0142\u0119ckich Spotkaniach Komiksowych.<\/p>\n<p>Wystaw\u0119 mo\u017cna obejrze\u0107 na dziedzi\u0144cu Muzeum przy pl. gen. Bema 8 w Ostro\u0142\u0119ce.<br \/>\nSerdecznie zapraszamy.<\/p>\nngg_shortcode_0_placeholder\n","protected":false},"excerpt":{"rendered":"<p>Nie lada gratk\u0105 dla pasjonat\u00f3w komiksu by\u0142o wczorajsze otwarcie wystawy \u201eDYMKI, KADRY, RAMKI \u2013 POLSKA\u201d. Na ekspozycji zaprezentowane zosta\u0142y oryginalne rysunki polskich tw\u00f3rc\u00f3w, takich jak m.in. \u201ePapcio Chmiel\u201d, S\u0142awomir Kie\u0142bus, Tadeusz Baranowski czy Edward Lutczyn. Staszek Or\u0142owski, kt\u00f3ry jest w\u0142a\u015bcicielem kolekcji, rozmawia\u0142 z go\u015b\u0107mi o swojej pasji, zbiorach, tw\u00f3rcach komiksu oraz zaprosi\u0142 do uczestnictwa w [&hellip;]<\/p>\n","protected":false},"author":3,"featured_media":11624,"comment_status":"closed","ping_status":"closed","sticky":false,"template":"","format":"standard","meta":{"_acf_changed":false,"_lmt_disableupdate":"","_lmt_disable":"","_monsterinsights_skip_tracking":false,"_monsterinsights_sitenote_active":false,"_monsterinsights_sitenote_note":"","_monsterinsights_sitenote_category":0,"ngg_post_thumbnail":0,"footnotes":""},"categories":[3,53],"tags":[],"class_list":["post-11608","post","type-post","status-publish","format-standard","has-post-thumbnail","hentry","category-aktualnosci","category-wystawy-czasowe-archiwalne"],"acf":[],"modified_by":"Daniel Go\u0142a\u015b","_links":{"self":[{"href":"https:\/\/muzeum.ostroleka.pl\/index.php?rest_route=\/wp\/v2\/posts\/11608","targetHints":{"allow":["GET"]}}],"collection":[{"href":"https:\/\/muzeum.ostroleka.pl\/index.php?rest_route=\/wp\/v2\/posts"}],"about":[{"href":"https:\/\/muzeum.ostroleka.pl\/index.php?rest_route=\/wp\/v2\/types\/post"}],"author":[{"embeddable":true,"href":"https:\/\/muzeum.ostroleka.pl\/index.php?rest_route=\/wp\/v2\/users\/3"}],"replies":[{"embeddable":true,"href":"https:\/\/muzeum.ostroleka.pl\/index.php?rest_route=%2Fwp%2Fv2%2Fcomments&post=11608"}],"version-history":[{"count":1,"href":"https:\/\/muzeum.ostroleka.pl\/index.php?rest_route=\/wp\/v2\/posts\/11608\/revisions"}],"predecessor-version":[{"id":11625,"href":"https:\/\/muzeum.ostroleka.pl\/index.php?rest_route=\/wp\/v2\/posts\/11608\/revisions\/11625"}],"wp:featuredmedia":[{"embeddable":true,"href":"https:\/\/muzeum.ostroleka.pl\/index.php?rest_route=\/wp\/v2\/media\/11624"}],"wp:attachment":[{"href":"https:\/\/muzeum.ostroleka.pl\/index.php?rest_route=%2Fwp%2Fv2%2Fmedia&parent=11608"}],"wp:term":[{"taxonomy":"category","embeddable":true,"href":"https:\/\/muzeum.ostroleka.pl\/index.php?rest_route=%2Fwp%2Fv2%2Fcategories&post=11608"},{"taxonomy":"post_tag","embeddable":true,"href":"https:\/\/muzeum.ostroleka.pl\/index.php?rest_route=%2Fwp%2Fv2%2Ftags&post=11608"}],"curies":[{"name":"wp","href":"https:\/\/api.w.org\/{rel}","templated":true}]}}