{"id":1173,"date":"2015-03-01T12:51:58","date_gmt":"2015-03-01T11:51:58","guid":{"rendered":"http:\/\/mkk.wisnia.pl\/?p=1173"},"modified":"2019-12-16T12:36:46","modified_gmt":"2019-12-16T11:36:46","slug":"obraz-ulan-na-koniu-obiektem-marca-2015","status":"publish","type":"post","link":"https:\/\/muzeum.ostroleka.pl\/?p=1173","title":{"rendered":"Obraz &#8222;U\u0142an na koniu&#8221; &#8211; obiektem marca 2015"},"content":{"rendered":"<div class=\"leadArticle\">\n<p>W&nbsp;ramach cyklu &#8222;Obiekt miesi\u0105ca&#8221; w&nbsp;marcu prezentujemy obraz &#8222;U\u0142an na&nbsp;koniu&#8221;. To&nbsp;wykonane na&nbsp;palecie malarskiej przedstawienie u\u0142ana w&nbsp;mundurze I&nbsp;Pu\u0142ku U\u0142an\u00f3w Kr\u00f3lestwa Kongresowego. Mundur modela sk\u0142ada si\u0119&nbsp;z&nbsp;granatowej kurtki z&nbsp;wy\u0142ogami koloru karmazynowego na&nbsp;piersiach i&nbsp;r\u0119kawach, ciemnych spodni z&nbsp;karmazynowym lampasem oraz&nbsp;karmazynowej rogatywki z&nbsp;czarnym daszkiem i&nbsp;or\u0142em na&nbsp;tarczy amazonek. M\u0119\u017cczyzna siedzi na&nbsp;gniadym koniu z&nbsp;anglizowanym (podci\u0119tym) ogonem. W&nbsp;d\u0142oni opartej o&nbsp;biodro trzyma lanc\u0119 z&nbsp;proporczykiem w&nbsp;barwach I&nbsp;pu\u0142ku.<\/p>\n<\/div>\n<p>I&nbsp;Pu\u0142k&nbsp;U\u0142an\u00f3w Kr\u00f3lestwa Kongresowego zosta\u0142 sformowany w&nbsp;1815&nbsp;roku. W&nbsp;1825&nbsp;roku honorowym szefem pu\u0142ku zosta\u0142 nast\u0119pca tronu Kr\u00f3lestwa Niderland\u00f3w ksi\u0105\u017c\u0119 Oranii Wilhelm Fryderyk, szwagier cesarza Aleksandra&nbsp;I&nbsp;Romanowa.&nbsp;<br \/>\nAutor obrazu, Franciszek Frani\u0107 (1871-1937), by\u0142&nbsp;uczniem i&nbsp;przyjacielem Wojciecha Kossaka, pobiera\u0142 nauki tak\u017ce w&nbsp;pracowni Jana Matejki. Stworzy\u0142 szereg obraz\u00f3w o&nbsp;tematyce wojskowej. Interesowa\u0142 go&nbsp;tak\u017ce pejza\u017c, zw\u0142aszcza tatrza\u0144ski. W latach 1888 i&nbsp;1892 wystawi\u0142 w&nbsp;Towarzystwie Przyjaci\u00f3\u0142 Sztuk Pi\u0119knych w&nbsp;Krakowie obrazy olejne &#8222;Po utarczce kawalerii&#8221;, &#8222;Dwie plac\u00f3wki&#8221; i&nbsp;&#8222;Plac\u00f3wk\u0119 z&nbsp;1831&nbsp;r.&#8221;. Bra\u0142&nbsp;udzia\u0142 w&nbsp;wystawie Legion\u00f3w Polskich w&nbsp;1916&nbsp;roku i&nbsp;w&nbsp;Wystawie Niezale\u017cnych w&nbsp;1929 roku. Pracowa\u0142 jako s\u0119dzia s\u0105du apelacyjnego w&nbsp;Krakowie.<\/p>\n<p>&nbsp;<em>U\u0142an na&nbsp;koniu, Feliks Frani\u0107, 1898, olej na&nbsp;desce, wym. 23&nbsp;x&nbsp;15,3&nbsp;cm, nr inw. MKK\/S\/1605<\/em><\/p>\n<p>&nbsp;<\/p>\n<p>&nbsp;<\/p>\n","protected":false},"excerpt":{"rendered":"<p>W&nbsp;ramach cyklu &#8222;Obiekt miesi\u0105ca&#8221; w&nbsp;marcu prezentujemy obraz &#8222;U\u0142an na&nbsp;koniu&#8221;. To&nbsp;wykonane na&nbsp;palecie malarskiej przedstawienie u\u0142ana w&nbsp;mundurze I&nbsp;Pu\u0142ku U\u0142an\u00f3w Kr\u00f3lestwa Kongresowego. Mundur modela sk\u0142ada si\u0119&nbsp;z&nbsp;granatowej kurtki z&nbsp;wy\u0142ogami koloru karmazynowego na&nbsp;piersiach i&nbsp;r\u0119kawach, ciemnych spodni z&nbsp;karmazynowym lampasem oraz&nbsp;karmazynowej rogatywki z&nbsp;czarnym daszkiem i&nbsp;or\u0142em na&nbsp;tarczy amazonek. M\u0119\u017cczyzna siedzi na&nbsp;gniadym koniu z&nbsp;anglizowanym (podci\u0119tym) ogonem. W&nbsp;d\u0142oni opartej o&nbsp;biodro trzyma lanc\u0119 z&nbsp;proporczykiem w&nbsp;barwach I&nbsp;pu\u0142ku. [&hellip;]<\/p>\n","protected":false},"author":1,"featured_media":1175,"comment_status":"open","ping_status":"open","sticky":false,"template":"","format":"standard","meta":{"_acf_changed":false,"_lmt_disableupdate":"","_lmt_disable":"","_monsterinsights_skip_tracking":false,"_monsterinsights_sitenote_active":false,"_monsterinsights_sitenote_note":"","_monsterinsights_sitenote_category":0,"ngg_post_thumbnail":0,"footnotes":""},"categories":[43],"tags":[],"class_list":["post-1173","post","type-post","status-publish","format-standard","has-post-thumbnail","hentry","category-obiekt-miesiaca"],"acf":[],"modified_by":"Daniel Go\u0142a\u015b","_links":{"self":[{"href":"https:\/\/muzeum.ostroleka.pl\/index.php?rest_route=\/wp\/v2\/posts\/1173","targetHints":{"allow":["GET"]}}],"collection":[{"href":"https:\/\/muzeum.ostroleka.pl\/index.php?rest_route=\/wp\/v2\/posts"}],"about":[{"href":"https:\/\/muzeum.ostroleka.pl\/index.php?rest_route=\/wp\/v2\/types\/post"}],"author":[{"embeddable":true,"href":"https:\/\/muzeum.ostroleka.pl\/index.php?rest_route=\/wp\/v2\/users\/1"}],"replies":[{"embeddable":true,"href":"https:\/\/muzeum.ostroleka.pl\/index.php?rest_route=%2Fwp%2Fv2%2Fcomments&post=1173"}],"version-history":[{"count":3,"href":"https:\/\/muzeum.ostroleka.pl\/index.php?rest_route=\/wp\/v2\/posts\/1173\/revisions"}],"predecessor-version":[{"id":2386,"href":"https:\/\/muzeum.ostroleka.pl\/index.php?rest_route=\/wp\/v2\/posts\/1173\/revisions\/2386"}],"wp:featuredmedia":[{"embeddable":true,"href":"https:\/\/muzeum.ostroleka.pl\/index.php?rest_route=\/wp\/v2\/media\/1175"}],"wp:attachment":[{"href":"https:\/\/muzeum.ostroleka.pl\/index.php?rest_route=%2Fwp%2Fv2%2Fmedia&parent=1173"}],"wp:term":[{"taxonomy":"category","embeddable":true,"href":"https:\/\/muzeum.ostroleka.pl\/index.php?rest_route=%2Fwp%2Fv2%2Fcategories&post=1173"},{"taxonomy":"post_tag","embeddable":true,"href":"https:\/\/muzeum.ostroleka.pl\/index.php?rest_route=%2Fwp%2Fv2%2Ftags&post=1173"}],"curies":[{"name":"wp","href":"https:\/\/api.w.org\/{rel}","templated":true}]}}