{"id":1177,"date":"2014-07-03T12:52:46","date_gmt":"2014-07-03T11:52:46","guid":{"rendered":"http:\/\/mkk.wisnia.pl\/?p=1177"},"modified":"2019-12-16T12:36:22","modified_gmt":"2019-12-16T11:36:22","slug":"forma-do-masla-kolejny-obiekt-miesiaca-2015","status":"publish","type":"post","link":"https:\/\/muzeum.ostroleka.pl\/?p=1177","title":{"rendered":"Forma do mas\u0142a &#8211; kolejny obiekt miesi\u0105ca (2015)"},"content":{"rendered":"<div class=\"leadArticle\">\n<p>W kwietniu prezentujemy Pa\u0144stwu form\u0119 do mas\u0142a, kt\u00f3ra zosta\u0142a wykonana z&nbsp;jednego kawa\u0142ka drewna. Zewn\u0119trzna powierzchnia g\u0142adko opracowana, wn\u0119trze zdobione technik\u0105 snycersk\u0105 przy&nbsp;u\u017cyciu d\u0142uta \u2013 wzd\u0142u\u017c bok\u00f3w, wyci\u0119te r\u00f3wnoleg\u0142e wzgl\u0119dem siebie, p\u00f3\u0142okr\u0105g\u0142e rowki, w&nbsp;centrum motyw Baranka Wielkanocnego.<\/p>\n<\/div>\n<p>Eksponowana forma umo\u017cliwia\u0142a odci\u015bni\u0119cie na&nbsp;bry\u0142ce mas\u0142a wizerunku Baranka Bo\u017cego (z&nbsp;\u0142ac.&nbsp;Agnus Dei). Dawniej \u201eagnuski\u201d (potoczne okre\u015blenie figurek w&nbsp;formie Baranka) wykonywano z&nbsp;bia\u0142ego wosku. Obecnie formuje si\u0119 je z&nbsp;ciasta (np.&nbsp;piernikowego lub&nbsp;chlebowego), cukru, marcepanu, mas\u0142a b\u0105d\u017a tworzyw sztucznych. Symboliczne przedstawienie Jezusa jako&nbsp;Baranka Bo\u017cego si\u0119ga czas\u00f3w wczesnochrze\u015bcija\u0144skich. Wizerunek Agnus Dei ze&nbsp;sztandarem, stanowi\u0105cej nieod\u0142\u0105czny element \u015bwi\u0119ta Zmartwychwstania Pa\u0144skiego, symbolizuje ofiar\u0119 i&nbsp;zwyci\u0119stwo Chrystusa nad&nbsp;\u015bmierci\u0105.<\/p>\n<p><em>Forma do mas\u0142a, XX w., autor nieznany, z&nbsp;przemieszczenia, przedmiot u\u017cytkowy;&nbsp;<\/em><em>nr&nbsp;inw. MOO\/E\/2698<\/em><\/p>\n<p>&nbsp;<\/p>\n<p>&nbsp;<\/p>\n<p>&nbsp;<\/p>\n","protected":false},"excerpt":{"rendered":"<p>W kwietniu prezentujemy Pa\u0144stwu form\u0119 do mas\u0142a, kt\u00f3ra zosta\u0142a wykonana z&nbsp;jednego kawa\u0142ka drewna. Zewn\u0119trzna powierzchnia g\u0142adko opracowana, wn\u0119trze zdobione technik\u0105 snycersk\u0105 przy&nbsp;u\u017cyciu d\u0142uta \u2013 wzd\u0142u\u017c bok\u00f3w, wyci\u0119te r\u00f3wnoleg\u0142e wzgl\u0119dem siebie, p\u00f3\u0142okr\u0105g\u0142e rowki, w&nbsp;centrum motyw Baranka Wielkanocnego. Eksponowana forma umo\u017cliwia\u0142a odci\u015bni\u0119cie na&nbsp;bry\u0142ce mas\u0142a wizerunku Baranka Bo\u017cego (z&nbsp;\u0142ac.&nbsp;Agnus Dei). Dawniej \u201eagnuski\u201d (potoczne okre\u015blenie figurek w&nbsp;formie Baranka) wykonywano [&hellip;]<\/p>\n","protected":false},"author":1,"featured_media":1179,"comment_status":"open","ping_status":"open","sticky":false,"template":"","format":"standard","meta":{"_acf_changed":false,"_lmt_disableupdate":"","_lmt_disable":"","_monsterinsights_skip_tracking":false,"_monsterinsights_sitenote_active":false,"_monsterinsights_sitenote_note":"","_monsterinsights_sitenote_category":0,"ngg_post_thumbnail":0,"footnotes":""},"categories":[43],"tags":[],"class_list":["post-1177","post","type-post","status-publish","format-standard","has-post-thumbnail","hentry","category-obiekt-miesiaca"],"acf":[],"modified_by":"Daniel Go\u0142a\u015b","_links":{"self":[{"href":"https:\/\/muzeum.ostroleka.pl\/index.php?rest_route=\/wp\/v2\/posts\/1177","targetHints":{"allow":["GET"]}}],"collection":[{"href":"https:\/\/muzeum.ostroleka.pl\/index.php?rest_route=\/wp\/v2\/posts"}],"about":[{"href":"https:\/\/muzeum.ostroleka.pl\/index.php?rest_route=\/wp\/v2\/types\/post"}],"author":[{"embeddable":true,"href":"https:\/\/muzeum.ostroleka.pl\/index.php?rest_route=\/wp\/v2\/users\/1"}],"replies":[{"embeddable":true,"href":"https:\/\/muzeum.ostroleka.pl\/index.php?rest_route=%2Fwp%2Fv2%2Fcomments&post=1177"}],"version-history":[{"count":3,"href":"https:\/\/muzeum.ostroleka.pl\/index.php?rest_route=\/wp\/v2\/posts\/1177\/revisions"}],"predecessor-version":[{"id":1181,"href":"https:\/\/muzeum.ostroleka.pl\/index.php?rest_route=\/wp\/v2\/posts\/1177\/revisions\/1181"}],"wp:featuredmedia":[{"embeddable":true,"href":"https:\/\/muzeum.ostroleka.pl\/index.php?rest_route=\/wp\/v2\/media\/1179"}],"wp:attachment":[{"href":"https:\/\/muzeum.ostroleka.pl\/index.php?rest_route=%2Fwp%2Fv2%2Fmedia&parent=1177"}],"wp:term":[{"taxonomy":"category","embeddable":true,"href":"https:\/\/muzeum.ostroleka.pl\/index.php?rest_route=%2Fwp%2Fv2%2Fcategories&post=1177"},{"taxonomy":"post_tag","embeddable":true,"href":"https:\/\/muzeum.ostroleka.pl\/index.php?rest_route=%2Fwp%2Fv2%2Ftags&post=1177"}],"curies":[{"name":"wp","href":"https:\/\/api.w.org\/{rel}","templated":true}]}}