{"id":1182,"date":"2014-07-04T12:54:07","date_gmt":"2014-07-04T11:54:07","guid":{"rendered":"http:\/\/mkk.wisnia.pl\/?p=1182"},"modified":"2019-12-16T12:35:55","modified_gmt":"2019-12-16T11:35:55","slug":"medal-obiekt-miesiaca-maja-2015","status":"publish","type":"post","link":"https:\/\/muzeum.ostroleka.pl\/?p=1182","title":{"rendered":"Medal &#8211; obiekt miesi\u0105ca maja 2015"},"content":{"rendered":"<div class=\"leadArticle\">\n<p>W&nbsp; maju, w ramach cyklu \u201eObiekt miesi\u0105ca\u201d prezentujemy Pa\u0144stwu okoliczno\u015bciowy medal Muzeum Okr\u0119gowego w Ostro\u0142\u0119ce. W 1995 roku Muzeum Okr\u0119gowe w Ostro\u0142\u0119ce obchodzi\u0142o dwudziest\u0105 rocznic\u0119 dzia\u0142alno\u015bci. By zaakcentowa\u0107 jubileusz instytucji podj\u0119to decyzj\u0119 o&nbsp;wybiciu okazjonalnego medalu. Opracowanie projektu powierzono Robertowi Kotowiczowi \u2013 arty\u015bcie plastykowi Mennicy Pa\u0144stwowej w&nbsp;Warszawie. Postawiono przed nim zadanie przygotowania koncepcji medalu, kt\u00f3ra odzwierciedli gromadzone w muzeum zbiory.<\/p>\n<\/div>\n<p>W my\u015bl powy\u017cszego dzia\u0142 historyczny reprezentowany jest przez fragment obrazu Wojciecha Kossaka \u201eArtyleria w ogniu\u201d, na kt\u00f3rego tle ukazano or\u0142a w koronie siedz\u0105cego na dw\u00f3ch skrzy\u017cowanych lufach armatnich. Autor zaznaczy\u0142 tym samym rol\u0119 artylerii w bitwie pod Ostro\u0142\u0119k\u0105 1831. Po bokach zaprezentowano \u201e\u015awi\u0119t\u0105 Barbar\u0119\u201d \u2013 rze\u017ab\u0119&nbsp; Stanis\u0142awa Wcis\u0142y, artysty ze szko\u0142y zakopia\u0144skiej oraz popiersie Stanis\u0142awa Ignacego Witkiewicza. Prac Witkacego wprawdzie nie posiadamy w zbiorach, lecz artysta projektuj\u0105cy medal uzna\u0142 go za ikon\u0119 \u015bwiata sztuki dwudziestolecia mi\u0119dzywojennego. A ta z kolei jest profilem zbior\u00f3w sztuki ostro\u0142\u0119ckiego muzeum. Dzia\u0142 etnograficzny dokumentuj\u0105cy kultur\u0119 materialn\u0105 i folklor Kurpiowskiej Puszczy Bia\u0142ej i Zielonej zaznaczono wycinankami, za\u015b archeologiczny poprzez naczynia gliniane.<\/p>\n<p>Medal zosta\u0142 wybity w nak\u0142adzie 150 sztuk. Obdarowywano nim zas\u0142u\u017cone dla muzeum osoby oraz wsp\u00f3\u0142pracuj\u0105ce z nim instytucje.<\/p>\n<p><em>Medal, Muzeum Okr\u0119gowe w Ostro\u0142\u0119ce 1975\u20131995; Robert Kotowicz, Mennica Pa\u0144stwowa w Warszawie, tombak patynowany, bicie; nr inw. MKK\/H\/1553, MKK\/H\/1554<\/em><\/p>\n<p>&nbsp;<\/p>\n<p>&nbsp;<\/p>\n","protected":false},"excerpt":{"rendered":"<p>W&nbsp; maju, w ramach cyklu \u201eObiekt miesi\u0105ca\u201d prezentujemy Pa\u0144stwu okoliczno\u015bciowy medal Muzeum Okr\u0119gowego w Ostro\u0142\u0119ce. W 1995 roku Muzeum Okr\u0119gowe w Ostro\u0142\u0119ce obchodzi\u0142o dwudziest\u0105 rocznic\u0119 dzia\u0142alno\u015bci. By zaakcentowa\u0107 jubileusz instytucji podj\u0119to decyzj\u0119 o&nbsp;wybiciu okazjonalnego medalu. Opracowanie projektu powierzono Robertowi Kotowiczowi \u2013 arty\u015bcie plastykowi Mennicy Pa\u0144stwowej w&nbsp;Warszawie. Postawiono przed nim zadanie przygotowania koncepcji medalu, kt\u00f3ra odzwierciedli [&hellip;]<\/p>\n","protected":false},"author":1,"featured_media":1184,"comment_status":"open","ping_status":"open","sticky":false,"template":"","format":"standard","meta":{"_acf_changed":false,"_lmt_disableupdate":"","_lmt_disable":"","_monsterinsights_skip_tracking":false,"_monsterinsights_sitenote_active":false,"_monsterinsights_sitenote_note":"","_monsterinsights_sitenote_category":0,"ngg_post_thumbnail":0,"footnotes":""},"categories":[43],"tags":[],"class_list":["post-1182","post","type-post","status-publish","format-standard","has-post-thumbnail","hentry","category-obiekt-miesiaca"],"acf":[],"modified_by":"Daniel Go\u0142a\u015b","_links":{"self":[{"href":"https:\/\/muzeum.ostroleka.pl\/index.php?rest_route=\/wp\/v2\/posts\/1182","targetHints":{"allow":["GET"]}}],"collection":[{"href":"https:\/\/muzeum.ostroleka.pl\/index.php?rest_route=\/wp\/v2\/posts"}],"about":[{"href":"https:\/\/muzeum.ostroleka.pl\/index.php?rest_route=\/wp\/v2\/types\/post"}],"author":[{"embeddable":true,"href":"https:\/\/muzeum.ostroleka.pl\/index.php?rest_route=\/wp\/v2\/users\/1"}],"replies":[{"embeddable":true,"href":"https:\/\/muzeum.ostroleka.pl\/index.php?rest_route=%2Fwp%2Fv2%2Fcomments&post=1182"}],"version-history":[{"count":2,"href":"https:\/\/muzeum.ostroleka.pl\/index.php?rest_route=\/wp\/v2\/posts\/1182\/revisions"}],"predecessor-version":[{"id":1185,"href":"https:\/\/muzeum.ostroleka.pl\/index.php?rest_route=\/wp\/v2\/posts\/1182\/revisions\/1185"}],"wp:featuredmedia":[{"embeddable":true,"href":"https:\/\/muzeum.ostroleka.pl\/index.php?rest_route=\/wp\/v2\/media\/1184"}],"wp:attachment":[{"href":"https:\/\/muzeum.ostroleka.pl\/index.php?rest_route=%2Fwp%2Fv2%2Fmedia&parent=1182"}],"wp:term":[{"taxonomy":"category","embeddable":true,"href":"https:\/\/muzeum.ostroleka.pl\/index.php?rest_route=%2Fwp%2Fv2%2Fcategories&post=1182"},{"taxonomy":"post_tag","embeddable":true,"href":"https:\/\/muzeum.ostroleka.pl\/index.php?rest_route=%2Fwp%2Fv2%2Ftags&post=1182"}],"curies":[{"name":"wp","href":"https:\/\/api.w.org\/{rel}","templated":true}]}}