{"id":1191,"date":"2016-08-25T12:56:49","date_gmt":"2016-08-25T11:56:49","guid":{"rendered":"http:\/\/mkk.wisnia.pl\/?p=1191"},"modified":"2020-03-25T11:41:05","modified_gmt":"2020-03-25T10:41:05","slug":"niedziela-palmowa-na-kurpiowszczyznie-wirtualny-obiekt-marca-2016","status":"publish","type":"post","link":"https:\/\/muzeum.ostroleka.pl\/?p=1191","title":{"rendered":"Niedziela Palmowa na Kurpiowszczy\u017anie &#8211; wirtualny obiekt marca 2016"},"content":{"rendered":"<div class=\"leadArticle\">\n<p>Szkic przedstawia ksi\u0119dza odprawiaj\u0105cego nabo\u017ce\u0144stwo podczas Niedzieli Palmowej. Scena zosta\u0142a ukazana oczami uczestnika mszy widz\u0105cego plecy duchownego zwr\u00f3conego w stron\u0119 o\u0142tarza. We wn\u0119trzu \u015bwi\u0105tyni wida\u0107 kobiety trzymaj\u0105ce wysokie palmy wielkanocne. Rysunek sygnowany przez autora w lewym dolnym rogu.<\/p>\n<\/div>\n<p>Stanis\u0142aw Skolimowski (1937-2014) urodzi\u0142 si\u0119 w M\u0142awie. W latach 1957-1963 studiowa\u0142 na Wydziale Malarstwa Akademii Sztuk Pi\u0119knych w Warszawie. Studia uko\u0144czy\u0142 z wyr\u00f3\u017cnieniem. Od 1963 roku do \u015bmierci mieszka\u0142 i pracowa\u0142 w Ostro\u0142\u0119ce. W 1968 roku otrzyma\u0142 I nagrod\u0119 Zwi\u0105zku Polskich Artyst\u00f3w Plastyk\u00f3w za obraz \u201ePejza\u017c jesienny\u201d. By\u0142 inspiratorem pierwszego Kurpiowskiego Pleneru Malarskiego, kt\u00f3ry odby\u0142 si\u0119 w 1976 roku.<\/p>\n<p>W swych dzie\u0142ach, tworzonych r\u00f3\u017cnymi technikami, przedstawia\u0142 pejza\u017c, martw\u0105 natur\u0119, portret. Prace Stanis\u0142awa Skolimowskiego by\u0142y wielokrotnie wystawiane na wystawach indywidualnych i zbiorowych zar\u00f3wno w Polsce, jak i za granic\u0105. W zbiorach Muzeum Kultury Kurpiowskiej w Ostro\u0142\u0119ce znajduj\u0105 si\u0119 34 obrazy olejne i rysunki autorstwa Stanis\u0142awa Skolimowskiego.<\/p>\n<p>Stanis\u0142aw Skolimowski, 1980, tusz, wym. 21 x 14,5 cm, nr inw. MOO\/S\/1256<\/p>\n<p>&nbsp;<\/p>\n","protected":false},"excerpt":{"rendered":"<p>Szkic przedstawia ksi\u0119dza odprawiaj\u0105cego nabo\u017ce\u0144stwo podczas Niedzieli Palmowej. Scena zosta\u0142a ukazana oczami uczestnika mszy widz\u0105cego plecy duchownego zwr\u00f3conego w stron\u0119 o\u0142tarza. We wn\u0119trzu \u015bwi\u0105tyni wida\u0107 kobiety trzymaj\u0105ce wysokie palmy wielkanocne. Rysunek sygnowany przez autora w lewym dolnym rogu. Stanis\u0142aw Skolimowski (1937-2014) urodzi\u0142 si\u0119 w M\u0142awie. W latach 1957-1963 studiowa\u0142 na Wydziale Malarstwa Akademii Sztuk Pi\u0119knych [&hellip;]<\/p>\n","protected":false},"author":1,"featured_media":1193,"comment_status":"closed","ping_status":"closed","sticky":false,"template":"","format":"standard","meta":{"_acf_changed":false,"_lmt_disableupdate":"","_lmt_disable":"","_monsterinsights_skip_tracking":false,"_monsterinsights_sitenote_active":false,"_monsterinsights_sitenote_note":"","_monsterinsights_sitenote_category":0,"ngg_post_thumbnail":0,"footnotes":""},"categories":[14],"tags":[],"class_list":["post-1191","post","type-post","status-publish","format-standard","has-post-thumbnail","hentry","category-wirtualny-obiekt-miesiaca"],"acf":[],"modified_by":"Daniel Go\u0142a\u015b","_links":{"self":[{"href":"https:\/\/muzeum.ostroleka.pl\/index.php?rest_route=\/wp\/v2\/posts\/1191","targetHints":{"allow":["GET"]}}],"collection":[{"href":"https:\/\/muzeum.ostroleka.pl\/index.php?rest_route=\/wp\/v2\/posts"}],"about":[{"href":"https:\/\/muzeum.ostroleka.pl\/index.php?rest_route=\/wp\/v2\/types\/post"}],"author":[{"embeddable":true,"href":"https:\/\/muzeum.ostroleka.pl\/index.php?rest_route=\/wp\/v2\/users\/1"}],"replies":[{"embeddable":true,"href":"https:\/\/muzeum.ostroleka.pl\/index.php?rest_route=%2Fwp%2Fv2%2Fcomments&post=1191"}],"version-history":[{"count":2,"href":"https:\/\/muzeum.ostroleka.pl\/index.php?rest_route=\/wp\/v2\/posts\/1191\/revisions"}],"predecessor-version":[{"id":1194,"href":"https:\/\/muzeum.ostroleka.pl\/index.php?rest_route=\/wp\/v2\/posts\/1191\/revisions\/1194"}],"wp:featuredmedia":[{"embeddable":true,"href":"https:\/\/muzeum.ostroleka.pl\/index.php?rest_route=\/wp\/v2\/media\/1193"}],"wp:attachment":[{"href":"https:\/\/muzeum.ostroleka.pl\/index.php?rest_route=%2Fwp%2Fv2%2Fmedia&parent=1191"}],"wp:term":[{"taxonomy":"category","embeddable":true,"href":"https:\/\/muzeum.ostroleka.pl\/index.php?rest_route=%2Fwp%2Fv2%2Fcategories&post=1191"},{"taxonomy":"post_tag","embeddable":true,"href":"https:\/\/muzeum.ostroleka.pl\/index.php?rest_route=%2Fwp%2Fv2%2Ftags&post=1191"}],"curies":[{"name":"wp","href":"https:\/\/api.w.org\/{rel}","templated":true}]}}