{"id":1211,"date":"2016-08-28T13:01:29","date_gmt":"2016-08-28T12:01:29","guid":{"rendered":"http:\/\/mkk.wisnia.pl\/?p=1211"},"modified":"2020-03-25T11:37:09","modified_gmt":"2020-03-25T10:37:09","slug":"sosna-wirtualnym-obiektem-miesiaca","status":"publish","type":"post","link":"https:\/\/muzeum.ostroleka.pl\/?p=1211","title":{"rendered":"&#8222;Sosna&#8221; wirtualnym obiektem miesi\u0105ca"},"content":{"rendered":"<div class=\"leadArticle\">\n<p>Obiektem miesi\u0105ca \u2013 sierpnia \u2013 jest figura zatytu\u0142owana&nbsp;<em>Sosna<\/em>, wykonana przez Mariann\u0119 Sta\u015bkiewicz \u2013 tw\u00f3rczyni\u0119 pochodz\u0105c\u0105 z&nbsp;Kadzid\u0142a.&nbsp;<\/p>\n<\/div>\n<p>Prezentowany obiekt wykonany zosta\u0142 technik\u0105 koronki szyde\u0142kowej z r\u00f3\u017cnobarwnych nici bawe\u0142nianych. Figura sk\u0142ada si\u0119 z kilku po\u0142\u0105czonych ze sob\u0105 element\u00f3w koronkowych, kt\u00f3re po zakomponowaniu i&nbsp;odpowiednim u\u0142o\u017ceniu nas\u0105czone zosta\u0142y roztworem wody z cukrem. Po wyschni\u0119ciu nici sta\u0142y si\u0119 twarde i zachowa\u0142y zamierzony przez tw\u00f3rczyni\u0119 kszta\u0142t.<\/p>\n<p>Obiekt przedstawia usytuowane na owalnej podstawie drzewo oraz dwie postacie \u2013 m\u0119\u017cczyzn\u0119 i kobiet\u0119. Drzewo ma roz\u0142o\u017cyste konary, mi\u0119dzy kt\u00f3rymi przedstawione s\u0105 czarne ptaki, przy jego pniu znajduj\u0105 si\u0119 wspomniane postacie. Kobieta ukazana w pozie stoj\u0105cej delikatnie pochylona jest w kierunku m\u0119\u017cczyzny. Posta\u0107 m\u0119\u017cczyzny zaprezentowano w pozycji p\u00f3\u0142le\u017c\u0105cej (w momencie przechodzenia pod jednym z&nbsp;korzeni drzewa).<\/p>\n<p>Prezentowany obiekt ilustruje sosn\u0119, kt\u00f3rej przypisywano lecznicze w\u0142a\u015bciwo\u015bci. Wed\u0142ug przekaz\u00f3w uzdrowienie nast\u0119powa\u0142o na skutek przej\u015bcia pod wystaj\u0105cym korzeniem drzewa. Zilustrowana przez Marianne Sta\u015bkiewicz sosna znajduje si\u0119 na trasie Kadzid\u0142o \u2013 Tatary.<\/p>\n<p><em>Sosna<\/em>&nbsp;zakupiona zosta\u0142a do zbior\u00f3w Muzeum Kultury Kurpiowskiej w Ostro\u0142\u0119ce w 2011 roku.<\/p>\n<p>2011, Marianna Sta\u015bkiewicz, Kadzid\u0142o, nici bawe\u0142niane, folia aluminiowa, gazeta, szyde\u0142kowanie, nr inw. MKK\/E\/3675<\/p>\n<p>&nbsp;<\/p>\n<p>&nbsp;<\/p>\n","protected":false},"excerpt":{"rendered":"<p>Obiektem miesi\u0105ca \u2013 sierpnia \u2013 jest figura zatytu\u0142owana&nbsp;Sosna, wykonana przez Mariann\u0119 Sta\u015bkiewicz \u2013 tw\u00f3rczyni\u0119 pochodz\u0105c\u0105 z&nbsp;Kadzid\u0142a.&nbsp; Prezentowany obiekt wykonany zosta\u0142 technik\u0105 koronki szyde\u0142kowej z r\u00f3\u017cnobarwnych nici bawe\u0142nianych. Figura sk\u0142ada si\u0119 z kilku po\u0142\u0105czonych ze sob\u0105 element\u00f3w koronkowych, kt\u00f3re po zakomponowaniu i&nbsp;odpowiednim u\u0142o\u017ceniu nas\u0105czone zosta\u0142y roztworem wody z cukrem. Po wyschni\u0119ciu nici sta\u0142y si\u0119 twarde i [&hellip;]<\/p>\n","protected":false},"author":1,"featured_media":1213,"comment_status":"closed","ping_status":"closed","sticky":false,"template":"","format":"standard","meta":{"_acf_changed":false,"_lmt_disableupdate":"","_lmt_disable":"","_monsterinsights_skip_tracking":false,"_monsterinsights_sitenote_active":false,"_monsterinsights_sitenote_note":"","_monsterinsights_sitenote_category":0,"ngg_post_thumbnail":0,"footnotes":""},"categories":[14],"tags":[],"class_list":["post-1211","post","type-post","status-publish","format-standard","has-post-thumbnail","hentry","category-wirtualny-obiekt-miesiaca"],"acf":[],"modified_by":"Daniel Go\u0142a\u015b","_links":{"self":[{"href":"https:\/\/muzeum.ostroleka.pl\/index.php?rest_route=\/wp\/v2\/posts\/1211","targetHints":{"allow":["GET"]}}],"collection":[{"href":"https:\/\/muzeum.ostroleka.pl\/index.php?rest_route=\/wp\/v2\/posts"}],"about":[{"href":"https:\/\/muzeum.ostroleka.pl\/index.php?rest_route=\/wp\/v2\/types\/post"}],"author":[{"embeddable":true,"href":"https:\/\/muzeum.ostroleka.pl\/index.php?rest_route=\/wp\/v2\/users\/1"}],"replies":[{"embeddable":true,"href":"https:\/\/muzeum.ostroleka.pl\/index.php?rest_route=%2Fwp%2Fv2%2Fcomments&post=1211"}],"version-history":[{"count":2,"href":"https:\/\/muzeum.ostroleka.pl\/index.php?rest_route=\/wp\/v2\/posts\/1211\/revisions"}],"predecessor-version":[{"id":1214,"href":"https:\/\/muzeum.ostroleka.pl\/index.php?rest_route=\/wp\/v2\/posts\/1211\/revisions\/1214"}],"wp:featuredmedia":[{"embeddable":true,"href":"https:\/\/muzeum.ostroleka.pl\/index.php?rest_route=\/wp\/v2\/media\/1213"}],"wp:attachment":[{"href":"https:\/\/muzeum.ostroleka.pl\/index.php?rest_route=%2Fwp%2Fv2%2Fmedia&parent=1211"}],"wp:term":[{"taxonomy":"category","embeddable":true,"href":"https:\/\/muzeum.ostroleka.pl\/index.php?rest_route=%2Fwp%2Fv2%2Fcategories&post=1211"},{"taxonomy":"post_tag","embeddable":true,"href":"https:\/\/muzeum.ostroleka.pl\/index.php?rest_route=%2Fwp%2Fv2%2Ftags&post=1211"}],"curies":[{"name":"wp","href":"https:\/\/api.w.org\/{rel}","templated":true}]}}