{"id":1215,"date":"2016-09-07T13:02:13","date_gmt":"2016-09-07T12:02:13","guid":{"rendered":"http:\/\/mkk.wisnia.pl\/?p=1215"},"modified":"2020-03-25T11:36:41","modified_gmt":"2020-03-25T10:36:41","slug":"dolina-narwi-wirtualnym-obiektem-wrzesnia-2016","status":"publish","type":"post","link":"https:\/\/muzeum.ostroleka.pl\/?p=1215","title":{"rendered":"&#8222;Dolina Narwi&#8221; wirtualnym obiektem wrze\u015bnia 2016"},"content":{"rendered":"<div class=\"leadArticle\">\n<p>Plakat&nbsp;<em>Dolina Narwi<\/em>&nbsp;jest jednym z trzech prezentuj\u0105cych rejony w&nbsp;obszarze zainteresowa\u0144 Muzeum Kultury Kurpiowskiej w Ostro\u0142\u0119ce. W&nbsp;zbiorach ostro\u0142\u0119ckich znalaz\u0142y si\u0119 tak\u017ce plakaty pt.&nbsp;<em>Mazowsze<\/em>&nbsp;i&nbsp;<em>Kurpie<\/em>. Ich autorem jest Ryszard Kaja urodzony w 1962 r. w Poznaniu, absolwent tamtejszej Wy\u017cszej Szko\u0142y Sztuk Plastycznych, obecnie mieszkaj\u0105cy we Wroc\u0142awiu. Jest malarzem, grafikiem, autorem scenografii i kostium\u00f3w do spektakli teatralnych, operowych, baletowych i film\u00f3w.&nbsp;<\/p>\n<\/div>\n<p>Plakat promocyjny&nbsp;<em>Dolina Narwi<\/em>&nbsp;pochodzi z cyklu&nbsp;<em>Polska.<\/em>&nbsp;Zaprojektowany zosta\u0142 na zam\u00f3wienie wroc\u0142awskiej Galerii Polskiego Plakatu. Przedstawia bobra w meloniku obgryzaj\u0105cego drzewo. Praca promuje obszar parku krajobrazowego Bagiennej Doliny Narwi stanowi\u0105cego fragment Narwia\u0144skiego Parku Narodowego. Tworzony przez artyst\u0119 od 2012 roku cykl plakat\u00f3w ma docelowo sk\u0142ada\u0107 si\u0119 z&nbsp;70&nbsp;prac reklamuj\u0105cych miasta i regiony Polski. Jest pok\u0142osiem pasji podr\u00f3\u017cniczych autora od\u017cegnuj\u0105cego si\u0119 od poczt\u00f3wkowej i podkolorowanej wizji kraju. Autor prezentuje miejsca nie koniecznie najbardziej znane i oblegane przez turyst\u00f3w, ale tak\u017ce te, kt\u00f3re s\u0105 wa\u017cne dla niego i wi\u0105\u017c\u0105 si\u0119 ze wspomnieniami jego perygrynacji po Polsce. W serii znalaz\u0142y si\u0119 postery takich miast, jak Pozna\u0144, Krak\u00f3w, Zakopane, ale i&nbsp;Cha\u0142upy, Babi Most, Kocie G\u00f3ry czy Pranie.&nbsp;<\/p>\n<p><em>Dolina Narwi<\/em>,&nbsp;Ryszard Kaja, 2014, druk, papier, 98 x 68 cm, nr inw. MKK\/HA\/3201<\/p>\n<p>&nbsp;<\/p>\n<p>&nbsp;<\/p>\n<p>&nbsp;<\/p>\n","protected":false},"excerpt":{"rendered":"<p>Plakat&nbsp;Dolina Narwi&nbsp;jest jednym z trzech prezentuj\u0105cych rejony w&nbsp;obszarze zainteresowa\u0144 Muzeum Kultury Kurpiowskiej w Ostro\u0142\u0119ce. W&nbsp;zbiorach ostro\u0142\u0119ckich znalaz\u0142y si\u0119 tak\u017ce plakaty pt.&nbsp;Mazowsze&nbsp;i&nbsp;Kurpie. Ich autorem jest Ryszard Kaja urodzony w 1962 r. w Poznaniu, absolwent tamtejszej Wy\u017cszej Szko\u0142y Sztuk Plastycznych, obecnie mieszkaj\u0105cy we Wroc\u0142awiu. Jest malarzem, grafikiem, autorem scenografii i kostium\u00f3w do spektakli teatralnych, operowych, baletowych i [&hellip;]<\/p>\n","protected":false},"author":1,"featured_media":1217,"comment_status":"closed","ping_status":"closed","sticky":false,"template":"","format":"standard","meta":{"_acf_changed":false,"_lmt_disableupdate":"","_lmt_disable":"","_monsterinsights_skip_tracking":false,"_monsterinsights_sitenote_active":false,"_monsterinsights_sitenote_note":"","_monsterinsights_sitenote_category":0,"ngg_post_thumbnail":0,"footnotes":""},"categories":[14],"tags":[],"class_list":["post-1215","post","type-post","status-publish","format-standard","has-post-thumbnail","hentry","category-wirtualny-obiekt-miesiaca"],"acf":[],"modified_by":"Daniel Go\u0142a\u015b","_links":{"self":[{"href":"https:\/\/muzeum.ostroleka.pl\/index.php?rest_route=\/wp\/v2\/posts\/1215","targetHints":{"allow":["GET"]}}],"collection":[{"href":"https:\/\/muzeum.ostroleka.pl\/index.php?rest_route=\/wp\/v2\/posts"}],"about":[{"href":"https:\/\/muzeum.ostroleka.pl\/index.php?rest_route=\/wp\/v2\/types\/post"}],"author":[{"embeddable":true,"href":"https:\/\/muzeum.ostroleka.pl\/index.php?rest_route=\/wp\/v2\/users\/1"}],"replies":[{"embeddable":true,"href":"https:\/\/muzeum.ostroleka.pl\/index.php?rest_route=%2Fwp%2Fv2%2Fcomments&post=1215"}],"version-history":[{"count":4,"href":"https:\/\/muzeum.ostroleka.pl\/index.php?rest_route=\/wp\/v2\/posts\/1215\/revisions"}],"predecessor-version":[{"id":3076,"href":"https:\/\/muzeum.ostroleka.pl\/index.php?rest_route=\/wp\/v2\/posts\/1215\/revisions\/3076"}],"wp:featuredmedia":[{"embeddable":true,"href":"https:\/\/muzeum.ostroleka.pl\/index.php?rest_route=\/wp\/v2\/media\/1217"}],"wp:attachment":[{"href":"https:\/\/muzeum.ostroleka.pl\/index.php?rest_route=%2Fwp%2Fv2%2Fmedia&parent=1215"}],"wp:term":[{"taxonomy":"category","embeddable":true,"href":"https:\/\/muzeum.ostroleka.pl\/index.php?rest_route=%2Fwp%2Fv2%2Fcategories&post=1215"},{"taxonomy":"post_tag","embeddable":true,"href":"https:\/\/muzeum.ostroleka.pl\/index.php?rest_route=%2Fwp%2Fv2%2Ftags&post=1215"}],"curies":[{"name":"wp","href":"https:\/\/api.w.org\/{rel}","templated":true}]}}