{"id":12348,"date":"2022-12-15T11:56:30","date_gmt":"2022-12-15T10:56:30","guid":{"rendered":"https:\/\/muzeum.ostroleka.pl\/?p=12348"},"modified":"2022-12-15T11:56:30","modified_gmt":"2022-12-15T10:56:30","slug":"mazoprzygoda-na-antenie-radia-kolor-prosto-z-muzeum-kultury-kurpiowskiej","status":"publish","type":"post","link":"https:\/\/muzeum.ostroleka.pl\/?p=12348","title":{"rendered":"Mazoprzygoda na antenie Radia Kolor prosto z Muzeum Kultury Kurpiowskiej"},"content":{"rendered":"<p style=\"text-align: justify;\">Podczas wczorajszej \u015bwi\u0105tecznej Mazoprzygody w Muzeum Kultury Kurpiowskiej s\u0142uchacze Radio Kolor 103 FM poznali tradycje zwi\u0105zane z przygotowaniem do \u015bwi\u0105t na Kurpiowszczy\u017anie. Dyrektor Maria Samsel opowiedzia\u0142a na antenie o Bo\u017cym Narodzeniu na Kurpiach i zwyczaju grania na ligawce podczas adwentu, a Ewa Kowalewska z Dzia\u0142u Edukacji i Promocji MKK m\u00f3wi\u0142a o warsztatach ozd\u00f3b \u015bwi\u0105tecznych prowadzonych przez Muzeum. El\u017cbieta Prusaczyk, prezes Stowarzyszenia Artyst\u00f3w Kurpiowskich, przybli\u017cy\u0142a s\u0142uchaczom dzia\u0142alno\u015b\u0107 tw\u00f3rc\u00f3w i ich wk\u0142ad w podtrzymanie tradycyjnej obrz\u0119dowo\u015bci zwi\u0105zanej ze \u015bwi\u0119tami, om\u00f3wi\u0142a te\u017c spos\u00f3b wykonania pysznych fafernuch\u00f3w. Tw\u00f3rczyni ludowa Wies\u0142awa Bogda\u0144ska zaprezentowa\u0142a proces wypiekania pieczywa obrz\u0119dowego \u2013 \u201eby\u015bk\u00f3w\u201d i \u201enowych latek\u201d, a Krystyna \u0141aszczych opowiedzia\u0142a o potrawach i \u015bwi\u0119tach w rodzinie kurpiowskiej. Mazoprzygod\u0119 w Ostro\u0142\u0119ce umili\u0142 swym wyst\u0119pem Zesp\u00f3\u0142 Folklorystyczny \u201ePodsybka Kurpiowska\u201d.<\/p>\nngg_shortcode_0_placeholder\n","protected":false},"excerpt":{"rendered":"<p>Podczas wczorajszej \u015bwi\u0105tecznej Mazoprzygody w Muzeum Kultury Kurpiowskiej s\u0142uchacze Radio Kolor 103 FM poznali tradycje zwi\u0105zane z przygotowaniem do \u015bwi\u0105t na Kurpiowszczy\u017anie. Dyrektor Maria Samsel opowiedzia\u0142a na antenie o Bo\u017cym Narodzeniu na Kurpiach i zwyczaju grania na ligawce podczas adwentu, a Ewa Kowalewska z Dzia\u0142u Edukacji i Promocji MKK m\u00f3wi\u0142a o warsztatach ozd\u00f3b \u015bwi\u0105tecznych prowadzonych [&hellip;]<\/p>\n","protected":false},"author":3,"featured_media":12349,"comment_status":"closed","ping_status":"closed","sticky":false,"template":"","format":"standard","meta":{"_acf_changed":false,"_lmt_disableupdate":"","_lmt_disable":"","_monsterinsights_skip_tracking":false,"_monsterinsights_sitenote_active":false,"_monsterinsights_sitenote_note":"","_monsterinsights_sitenote_category":0,"ngg_post_thumbnail":0,"footnotes":""},"categories":[3],"tags":[],"class_list":["post-12348","post","type-post","status-publish","format-standard","has-post-thumbnail","hentry","category-aktualnosci"],"acf":[],"modified_by":"Daniel Go\u0142a\u015b","_links":{"self":[{"href":"https:\/\/muzeum.ostroleka.pl\/index.php?rest_route=\/wp\/v2\/posts\/12348","targetHints":{"allow":["GET"]}}],"collection":[{"href":"https:\/\/muzeum.ostroleka.pl\/index.php?rest_route=\/wp\/v2\/posts"}],"about":[{"href":"https:\/\/muzeum.ostroleka.pl\/index.php?rest_route=\/wp\/v2\/types\/post"}],"author":[{"embeddable":true,"href":"https:\/\/muzeum.ostroleka.pl\/index.php?rest_route=\/wp\/v2\/users\/3"}],"replies":[{"embeddable":true,"href":"https:\/\/muzeum.ostroleka.pl\/index.php?rest_route=%2Fwp%2Fv2%2Fcomments&post=12348"}],"version-history":[{"count":1,"href":"https:\/\/muzeum.ostroleka.pl\/index.php?rest_route=\/wp\/v2\/posts\/12348\/revisions"}],"predecessor-version":[{"id":12376,"href":"https:\/\/muzeum.ostroleka.pl\/index.php?rest_route=\/wp\/v2\/posts\/12348\/revisions\/12376"}],"wp:featuredmedia":[{"embeddable":true,"href":"https:\/\/muzeum.ostroleka.pl\/index.php?rest_route=\/wp\/v2\/media\/12349"}],"wp:attachment":[{"href":"https:\/\/muzeum.ostroleka.pl\/index.php?rest_route=%2Fwp%2Fv2%2Fmedia&parent=12348"}],"wp:term":[{"taxonomy":"category","embeddable":true,"href":"https:\/\/muzeum.ostroleka.pl\/index.php?rest_route=%2Fwp%2Fv2%2Fcategories&post=12348"},{"taxonomy":"post_tag","embeddable":true,"href":"https:\/\/muzeum.ostroleka.pl\/index.php?rest_route=%2Fwp%2Fv2%2Ftags&post=12348"}],"curies":[{"name":"wp","href":"https:\/\/api.w.org\/{rel}","templated":true}]}}