{"id":12527,"date":"2023-01-22T10:00:16","date_gmt":"2023-01-22T09:00:16","guid":{"rendered":"https:\/\/muzeum.ostroleka.pl\/?p=12527"},"modified":"2023-01-24T11:17:05","modified_gmt":"2023-01-24T10:17:05","slug":"160-lat-temu-wybuchlo-powstanie-styczniowe","status":"publish","type":"post","link":"https:\/\/muzeum.ostroleka.pl\/?p=12527","title":{"rendered":"160 lat temu wybuch\u0142o powstanie styczniowe"},"content":{"rendered":"<p>Dzisiaj obchodzimy 160. rocznic\u0119 wybuchu powstania styczniowego. 22 stycznia 1863 roku Polacy rozpocz\u0119li wielki zryw ku wolno\u015bci, kt\u00f3ry cho\u0107 nie zako\u0144czy\u0142 si\u0119 naszym zwyci\u0119stwem, to by\u0142 wielkim krokiem zbli\u017caj\u0105cym nas do wolnej Polski, na kt\u00f3r\u0105 przysz\u0142o nam czeka\u0107 jeszcze 55 lat. Zgodnie z zapowiedzi\u0105 przedstawiamy Pa\u0144stwu materia\u0142 filmowy, w kt\u00f3rym pracownik MKK Krzysztof Augustyniak opowie jak dosz\u0142o do wybuchu powstania. Odcinek zosta\u0142 nagrany przy grobie Antoniego Wolskiego, powsta\u0144ca styczniowego, kt\u00f3ry zosta\u0142 rozstrzelany i pochowany w czerwcu 1864 roku we wsi Gontarze.<\/p>\n<p>&nbsp;<\/p>\n<p><iframe loading=\"lazy\" title=\"Okoliczno\u015bci wybuchu powstania styczniowego\" width=\"500\" height=\"281\" src=\"https:\/\/www.youtube.com\/embed\/htozJmUcpEE?feature=oembed\" frameborder=\"0\" allow=\"accelerometer; autoplay; clipboard-write; encrypted-media; gyroscope; picture-in-picture; web-share\" referrerpolicy=\"strict-origin-when-cross-origin\" allowfullscreen><\/iframe><\/p>\n","protected":false},"excerpt":{"rendered":"<p>Dzisiaj obchodzimy 160. rocznic\u0119 wybuchu powstania styczniowego. 22 stycznia 1863 roku Polacy rozpocz\u0119li wielki zryw ku wolno\u015bci, kt\u00f3ry cho\u0107 nie zako\u0144czy\u0142 si\u0119 naszym zwyci\u0119stwem, to by\u0142 wielkim krokiem zbli\u017caj\u0105cym nas do wolnej Polski, na kt\u00f3r\u0105 przysz\u0142o nam czeka\u0107 jeszcze 55 lat. Zgodnie z zapowiedzi\u0105 przedstawiamy Pa\u0144stwu materia\u0142 filmowy, w kt\u00f3rym pracownik MKK Krzysztof Augustyniak opowie [&hellip;]<\/p>\n","protected":false},"author":3,"featured_media":12525,"comment_status":"closed","ping_status":"closed","sticky":false,"template":"","format":"standard","meta":{"_acf_changed":false,"_lmt_disableupdate":"","_lmt_disable":"","_monsterinsights_skip_tracking":false,"_monsterinsights_sitenote_active":false,"_monsterinsights_sitenote_note":"","_monsterinsights_sitenote_category":0,"ngg_post_thumbnail":0,"footnotes":""},"categories":[3,55],"tags":[],"class_list":["post-12527","post","type-post","status-publish","format-standard","has-post-thumbnail","hentry","category-aktualnosci","category-wirtualne-muzeum"],"acf":[],"modified_by":"Daniel Go\u0142a\u015b","_links":{"self":[{"href":"https:\/\/muzeum.ostroleka.pl\/index.php?rest_route=\/wp\/v2\/posts\/12527","targetHints":{"allow":["GET"]}}],"collection":[{"href":"https:\/\/muzeum.ostroleka.pl\/index.php?rest_route=\/wp\/v2\/posts"}],"about":[{"href":"https:\/\/muzeum.ostroleka.pl\/index.php?rest_route=\/wp\/v2\/types\/post"}],"author":[{"embeddable":true,"href":"https:\/\/muzeum.ostroleka.pl\/index.php?rest_route=\/wp\/v2\/users\/3"}],"replies":[{"embeddable":true,"href":"https:\/\/muzeum.ostroleka.pl\/index.php?rest_route=%2Fwp%2Fv2%2Fcomments&post=12527"}],"version-history":[{"count":2,"href":"https:\/\/muzeum.ostroleka.pl\/index.php?rest_route=\/wp\/v2\/posts\/12527\/revisions"}],"predecessor-version":[{"id":12535,"href":"https:\/\/muzeum.ostroleka.pl\/index.php?rest_route=\/wp\/v2\/posts\/12527\/revisions\/12535"}],"wp:featuredmedia":[{"embeddable":true,"href":"https:\/\/muzeum.ostroleka.pl\/index.php?rest_route=\/wp\/v2\/media\/12525"}],"wp:attachment":[{"href":"https:\/\/muzeum.ostroleka.pl\/index.php?rest_route=%2Fwp%2Fv2%2Fmedia&parent=12527"}],"wp:term":[{"taxonomy":"category","embeddable":true,"href":"https:\/\/muzeum.ostroleka.pl\/index.php?rest_route=%2Fwp%2Fv2%2Fcategories&post=12527"},{"taxonomy":"post_tag","embeddable":true,"href":"https:\/\/muzeum.ostroleka.pl\/index.php?rest_route=%2Fwp%2Fv2%2Ftags&post=12527"}],"curies":[{"name":"wp","href":"https:\/\/api.w.org\/{rel}","templated":true}]}}