{"id":13066,"date":"2023-03-10T14:14:18","date_gmt":"2023-03-10T13:14:18","guid":{"rendered":"https:\/\/muzeum.ostroleka.pl\/?p=13066"},"modified":"2023-03-13T14:18:00","modified_gmt":"2023-03-13T13:18:00","slug":"obraz-karola-malankiewicza-zostanie-poddany-konserwacji","status":"publish","type":"post","link":"https:\/\/muzeum.ostroleka.pl\/?p=13066","title":{"rendered":"Obraz Karola Malankiewicza zostanie poddany konserwacji"},"content":{"rendered":"<p style=\"text-align: justify;\">Mi\u0142o nam poinformowa\u0107, \u017ce projekt Muzeum Kultury Kurpiowskiej \u201eKonserwacja obrazu Karola Malankiewicza pt. \u00bbBitwa pod Ostro\u0142\u0119k\u0105 26 maja 1831 r.\u00ab\u201d uzyska\u0142 dofinansowanie ze \u015brodk\u00f3w Ministra Kultury i Dziedzictwa Narodowego w ramach programu \u201eWspieranie dzia\u0142a\u0144 muzealnych\u201d.<\/p>\n","protected":false},"excerpt":{"rendered":"<p>Mi\u0142o nam poinformowa\u0107, \u017ce projekt Muzeum Kultury Kurpiowskiej \u201eKonserwacja obrazu Karola Malankiewicza pt. \u00bbBitwa pod Ostro\u0142\u0119k\u0105 26 maja 1831 r.\u00ab\u201d uzyska\u0142 dofinansowanie ze \u015brodk\u00f3w Ministra Kultury i Dziedzictwa Narodowego w ramach programu \u201eWspieranie dzia\u0142a\u0144 muzealnych\u201d.<\/p>\n","protected":false},"author":3,"featured_media":13067,"comment_status":"closed","ping_status":"closed","sticky":false,"template":"","format":"standard","meta":{"_acf_changed":false,"_lmt_disableupdate":"","_lmt_disable":"","_monsterinsights_skip_tracking":false,"_monsterinsights_sitenote_active":false,"_monsterinsights_sitenote_note":"","_monsterinsights_sitenote_category":0,"ngg_post_thumbnail":0,"footnotes":""},"categories":[3],"tags":[],"class_list":["post-13066","post","type-post","status-publish","format-standard","has-post-thumbnail","hentry","category-aktualnosci"],"acf":[],"modified_by":"Daniel Go\u0142a\u015b","_links":{"self":[{"href":"https:\/\/muzeum.ostroleka.pl\/index.php?rest_route=\/wp\/v2\/posts\/13066","targetHints":{"allow":["GET"]}}],"collection":[{"href":"https:\/\/muzeum.ostroleka.pl\/index.php?rest_route=\/wp\/v2\/posts"}],"about":[{"href":"https:\/\/muzeum.ostroleka.pl\/index.php?rest_route=\/wp\/v2\/types\/post"}],"author":[{"embeddable":true,"href":"https:\/\/muzeum.ostroleka.pl\/index.php?rest_route=\/wp\/v2\/users\/3"}],"replies":[{"embeddable":true,"href":"https:\/\/muzeum.ostroleka.pl\/index.php?rest_route=%2Fwp%2Fv2%2Fcomments&post=13066"}],"version-history":[{"count":1,"href":"https:\/\/muzeum.ostroleka.pl\/index.php?rest_route=\/wp\/v2\/posts\/13066\/revisions"}],"predecessor-version":[{"id":13068,"href":"https:\/\/muzeum.ostroleka.pl\/index.php?rest_route=\/wp\/v2\/posts\/13066\/revisions\/13068"}],"wp:featuredmedia":[{"embeddable":true,"href":"https:\/\/muzeum.ostroleka.pl\/index.php?rest_route=\/wp\/v2\/media\/13067"}],"wp:attachment":[{"href":"https:\/\/muzeum.ostroleka.pl\/index.php?rest_route=%2Fwp%2Fv2%2Fmedia&parent=13066"}],"wp:term":[{"taxonomy":"category","embeddable":true,"href":"https:\/\/muzeum.ostroleka.pl\/index.php?rest_route=%2Fwp%2Fv2%2Fcategories&post=13066"},{"taxonomy":"post_tag","embeddable":true,"href":"https:\/\/muzeum.ostroleka.pl\/index.php?rest_route=%2Fwp%2Fv2%2Ftags&post=13066"}],"curies":[{"name":"wp","href":"https:\/\/api.w.org\/{rel}","templated":true}]}}