{"id":1312,"date":"2019-10-28T08:37:30","date_gmt":"2019-10-28T08:37:30","guid":{"rendered":"http:\/\/mkk.wisnia.pl\/?p=1312"},"modified":"2021-10-20T10:58:43","modified_gmt":"2021-10-20T09:58:43","slug":"ozdoby-choinkowe","status":"publish","type":"post","link":"https:\/\/muzeum.ostroleka.pl\/?p=1312","title":{"rendered":"Ozdoby choinkowe"},"content":{"rendered":"<div class=\"leadArticle\">\n<p>Zaj\u0119cia warsztatowe, kt\u00f3re maj\u0105 na celu nauk\u0119 tradycyjnych ozd\u00f3b choinkowych z naturalnych, &#8222;ekologicznych&#8221; materia\u0142\u00f3w: s\u0142omy, bibu\u0142y, papieru. Na warsztatach powstan\u0105 \u0142a\u0144cuchy, gwiazdki, anio\u0142ki, bombki, kt\u00f3re ka\u017cdy z uczestnik\u00f3w zabierze ze sob\u0105 na w\u0142asn\u0105 choink\u0119. &nbsp;<\/p>\n<\/div>\n<p>Op\u0142ata za lekcj\u0119: 40 z\u0142 od grupy (do 25 os\u00f3b)<\/p>\n<div>Czas trwania zaj\u0119\u0107: ok. 60 min.<\/div>\n<p>&nbsp;<\/p>\n<p>&nbsp;<\/p>\n","protected":false},"excerpt":{"rendered":"<p>Zaj\u0119cia warsztatowe, kt\u00f3re maj\u0105 na celu nauk\u0119 tradycyjnych ozd\u00f3b choinkowych z naturalnych, &#8222;ekologicznych&#8221; materia\u0142\u00f3w: s\u0142omy, bibu\u0142y, papieru. Na warsztatach powstan\u0105 \u0142a\u0144cuchy, gwiazdki, anio\u0142ki, bombki, kt\u00f3re ka\u017cdy z uczestnik\u00f3w zabierze ze sob\u0105 na w\u0142asn\u0105 choink\u0119. &nbsp; Op\u0142ata za lekcj\u0119: 40 z\u0142 od grupy (do 25 os\u00f3b) Czas trwania zaj\u0119\u0107: ok. 60 min. &nbsp; &nbsp;<\/p>\n","protected":false},"author":1,"featured_media":8778,"comment_status":"closed","ping_status":"closed","sticky":false,"template":"","format":"standard","meta":{"_acf_changed":false,"_lmt_disableupdate":"","_lmt_disable":"","_monsterinsights_skip_tracking":false,"_monsterinsights_sitenote_active":false,"_monsterinsights_sitenote_note":"","_monsterinsights_sitenote_category":0,"ngg_post_thumbnail":0,"footnotes":""},"categories":[46],"tags":[],"class_list":["post-1312","post","type-post","status-publish","format-standard","has-post-thumbnail","hentry","category-zagroda-kurpiowska-oferta-edukacyjna"],"acf":[],"modified_by":"Daniel Go\u0142a\u015b","_links":{"self":[{"href":"https:\/\/muzeum.ostroleka.pl\/index.php?rest_route=\/wp\/v2\/posts\/1312","targetHints":{"allow":["GET"]}}],"collection":[{"href":"https:\/\/muzeum.ostroleka.pl\/index.php?rest_route=\/wp\/v2\/posts"}],"about":[{"href":"https:\/\/muzeum.ostroleka.pl\/index.php?rest_route=\/wp\/v2\/types\/post"}],"author":[{"embeddable":true,"href":"https:\/\/muzeum.ostroleka.pl\/index.php?rest_route=\/wp\/v2\/users\/1"}],"replies":[{"embeddable":true,"href":"https:\/\/muzeum.ostroleka.pl\/index.php?rest_route=%2Fwp%2Fv2%2Fcomments&post=1312"}],"version-history":[{"count":3,"href":"https:\/\/muzeum.ostroleka.pl\/index.php?rest_route=\/wp\/v2\/posts\/1312\/revisions"}],"predecessor-version":[{"id":8779,"href":"https:\/\/muzeum.ostroleka.pl\/index.php?rest_route=\/wp\/v2\/posts\/1312\/revisions\/8779"}],"wp:featuredmedia":[{"embeddable":true,"href":"https:\/\/muzeum.ostroleka.pl\/index.php?rest_route=\/wp\/v2\/media\/8778"}],"wp:attachment":[{"href":"https:\/\/muzeum.ostroleka.pl\/index.php?rest_route=%2Fwp%2Fv2%2Fmedia&parent=1312"}],"wp:term":[{"taxonomy":"category","embeddable":true,"href":"https:\/\/muzeum.ostroleka.pl\/index.php?rest_route=%2Fwp%2Fv2%2Fcategories&post=1312"},{"taxonomy":"post_tag","embeddable":true,"href":"https:\/\/muzeum.ostroleka.pl\/index.php?rest_route=%2Fwp%2Fv2%2Ftags&post=1312"}],"curies":[{"name":"wp","href":"https:\/\/api.w.org\/{rel}","templated":true}]}}