{"id":13208,"date":"2023-03-29T11:40:47","date_gmt":"2023-03-29T10:40:47","guid":{"rendered":"https:\/\/muzeum.ostroleka.pl\/?p=13208"},"modified":"2023-09-12T13:49:02","modified_gmt":"2023-09-12T12:49:02","slug":"wielkanoc-w-sztuce-ludowej","status":"publish","type":"post","link":"https:\/\/muzeum.ostroleka.pl\/?p=13208","title":{"rendered":"Wielkanoc w sztuce ludowej"},"content":{"rendered":"<p style=\"text-align: justify;\">Obiekty zaprezentowane na wystawie \u201eWielkanoc w sztuce ludowej\u201d pochodz\u0105 ze zbior\u00f3w kolekcjonera Mariana So\u0142obodowskiego. Du\u017c\u0105 cz\u0119\u015b\u0107 ekspozycji stanowi\u0105 \u015bwi\u0105teczne karty pocztowe z XX wieku. Najstarsza datowana jest na rok 1906. Karty zosta\u0142y pogrupowane tematycznie i przedstawione w kolejno\u015bci odpowiadaj\u0105cej etapom oczekiwania na zbli\u017caj\u0105ce si\u0119 \u015bwi\u0119ta. Szaty graficzne kart s\u0105 dzie\u0142em znanych, polskich grafik\u00f3w i ilustrator\u00f3w, m.in.: Zofii Stryje\u0144skiej, Marii Or\u0142owskiej-Gabry\u015b, Adama Setkowicza, Bohdana Wr\u00f3blewskiego, Janusza Stannego, Adama Kiliana i wielu innych. Ciekawymi pozycjami w\u015br\u00f3d poczt\u00f3wek s\u0105 karty wielkanocne \u201eSolidarno\u015bci\u201d, pochodz\u0105ce z lat 80.<\/p>\n<p style=\"text-align: justify;\">W wystawowych gablotach czekaj\u0105 na Pa\u0144stwa pisanki wykonane wieloma metodami, takimi jak technika batikowa, rytownicza, aplikacyjna, decoupage, malowania, zdobienie cekinami. W\u015br\u00f3d nich s\u0105 dzie\u0142a charakterystyczne dla r\u00f3\u017cnych region\u00f3w Polski, Ukrainy i Bia\u0142orusi.<\/p>\n<p style=\"text-align: justify;\">Na wystawie znajduj\u0105 si\u0119 drewniane i ceramiczne rze\u017aby przedstawiaj\u0105ce posta\u0107 Chrystusa Frasobliwego, krucyfiks, Chrystusa z jako pasterza z owieczk\u0105 na r\u0119kach czy Chrystusa z\u0142o\u017conego do grobu.<\/p>\n<p style=\"text-align: justify;\">Nie mog\u0142o oczywi\u015bcie zabrakn\u0105\u0107 wielkanocnej wycinanki. Na ekspozycji prezentujemy wycinank\u0119 kurpiowsk\u0105 i \u0142owick\u0105. Posiadaj\u0105 one kszta\u0142t wielkanocnej pisanki, sto\u0142u ze \u015bwi\u0119conk\u0105, czy kurki. Po\u015br\u00f3d dzie\u0142 \u0142owickich znajduj\u0105 si\u0119 kodry przedstawiaj\u0105ce sceny rodzajowe \u2013 zar\u0119czyny, \u015bwi\u0119cenie pokarm\u00f3w, oblewanie wod\u0105 w poniedzia\u0142ek wielkanocny, jak r\u00f3wnie\u017c par\u0119 \u0142owiczan trzymaj\u0105c\u0105 palm\u0119.<\/p>\n<p>&nbsp;<\/p>\n<p><strong>Wystawa czynna: 19 marca\u201323 kwietnia 2023 r.<\/strong><\/p>\n<p>&nbsp;<\/p>\n<p>Komisarz wystawy: Agnieszka Kowalewska.<br \/>\nOpracowanie graficzne: Magdalena Krystianiak\u2013Tomczak.<br \/>\nMonta\u017c: Mariusz Macioch.<\/p>\n","protected":false},"excerpt":{"rendered":"<p>Obiekty zaprezentowane na wystawie \u201eWielkanoc w sztuce ludowej\u201d pochodz\u0105 ze zbior\u00f3w kolekcjonera Mariana So\u0142obodowskiego. Du\u017c\u0105 cz\u0119\u015b\u0107 ekspozycji stanowi\u0105 \u015bwi\u0105teczne karty pocztowe z XX wieku. Najstarsza datowana jest na rok 1906. Karty zosta\u0142y pogrupowane tematycznie i przedstawione w kolejno\u015bci odpowiadaj\u0105cej etapom oczekiwania na zbli\u017caj\u0105ce si\u0119 \u015bwi\u0119ta. Szaty graficzne kart s\u0105 dzie\u0142em znanych, polskich grafik\u00f3w i ilustrator\u00f3w, [&hellip;]<\/p>\n","protected":false},"author":3,"featured_media":13076,"comment_status":"closed","ping_status":"closed","sticky":false,"template":"","format":"standard","meta":{"_acf_changed":false,"_lmt_disableupdate":"","_lmt_disable":"","_monsterinsights_skip_tracking":false,"_monsterinsights_sitenote_active":false,"_monsterinsights_sitenote_note":"","_monsterinsights_sitenote_category":0,"ngg_post_thumbnail":0,"footnotes":""},"categories":[53],"tags":[],"class_list":["post-13208","post","type-post","status-publish","format-standard","has-post-thumbnail","hentry","category-wystawy-czasowe-archiwalne"],"acf":[],"modified_by":"Daniel Go\u0142a\u015b","_links":{"self":[{"href":"https:\/\/muzeum.ostroleka.pl\/index.php?rest_route=\/wp\/v2\/posts\/13208","targetHints":{"allow":["GET"]}}],"collection":[{"href":"https:\/\/muzeum.ostroleka.pl\/index.php?rest_route=\/wp\/v2\/posts"}],"about":[{"href":"https:\/\/muzeum.ostroleka.pl\/index.php?rest_route=\/wp\/v2\/types\/post"}],"author":[{"embeddable":true,"href":"https:\/\/muzeum.ostroleka.pl\/index.php?rest_route=\/wp\/v2\/users\/3"}],"replies":[{"embeddable":true,"href":"https:\/\/muzeum.ostroleka.pl\/index.php?rest_route=%2Fwp%2Fv2%2Fcomments&post=13208"}],"version-history":[{"count":5,"href":"https:\/\/muzeum.ostroleka.pl\/index.php?rest_route=\/wp\/v2\/posts\/13208\/revisions"}],"predecessor-version":[{"id":13217,"href":"https:\/\/muzeum.ostroleka.pl\/index.php?rest_route=\/wp\/v2\/posts\/13208\/revisions\/13217"}],"wp:featuredmedia":[{"embeddable":true,"href":"https:\/\/muzeum.ostroleka.pl\/index.php?rest_route=\/wp\/v2\/media\/13076"}],"wp:attachment":[{"href":"https:\/\/muzeum.ostroleka.pl\/index.php?rest_route=%2Fwp%2Fv2%2Fmedia&parent=13208"}],"wp:term":[{"taxonomy":"category","embeddable":true,"href":"https:\/\/muzeum.ostroleka.pl\/index.php?rest_route=%2Fwp%2Fv2%2Fcategories&post=13208"},{"taxonomy":"post_tag","embeddable":true,"href":"https:\/\/muzeum.ostroleka.pl\/index.php?rest_route=%2Fwp%2Fv2%2Ftags&post=13208"}],"curies":[{"name":"wp","href":"https:\/\/api.w.org\/{rel}","templated":true}]}}