{"id":1351,"date":"2019-10-28T08:50:55","date_gmt":"2019-10-28T08:50:55","guid":{"rendered":"http:\/\/mkk.wisnia.pl\/?p=1351"},"modified":"2019-10-28T08:51:15","modified_gmt":"2019-10-28T08:51:15","slug":"nabor-na-stanowisko-asystenta-w-dziale-etnograficznym","status":"publish","type":"post","link":"https:\/\/muzeum.ostroleka.pl\/?p=1351","title":{"rendered":"Nab\u00f3r na stanowisko asystenta w Dziale Etnograficznym"},"content":{"rendered":"<div class=\"leadArticle\">\n<p>Muzeum Kultury Kurpiowskiej w Ostro\u0142\u0119ce og\u0142asza nab\u00f3r na stanowisko asystenta w&nbsp;Dziale Etnograficznym.<\/p>\n<\/div>\n<p><strong>Stanowisko: Asystent w Dziale Etnograficznym \u2013 etnolog\/etnograf\/antropolog kultury.<\/strong><\/p>\n<p>&nbsp;<strong>I.&nbsp;&nbsp;&nbsp;&nbsp;&nbsp;<\/strong><strong>Informacje og\u00f3lne.<\/strong><\/p>\n<p>&#8211;&nbsp;&nbsp;&nbsp;&nbsp;&nbsp;&nbsp;&nbsp; wymiar etatu &#8211; pe\u0142ny wymiar czasu pracy,<\/p>\n<p>&#8211;&nbsp;&nbsp;&nbsp;&nbsp;&nbsp;&nbsp;&nbsp; miejsce w strukturze organizacyjnej: Dzia\u0142 Etnograficzny,<\/p>\n<p>&#8211;&nbsp;&nbsp;&nbsp;&nbsp;&nbsp;&nbsp;&nbsp; rodzaj umowy: umowa o prac\u0119 na okres pr\u00f3bny (w okresie p\u00f3\u017aniejszym mo\u017cliwo\u015b\u0107 zawarcia umowy na czas nieokre\u015blony).<\/p>\n<p>&nbsp;<\/p>\n<p><strong>II. Wymagania:<\/strong><\/p>\n<p>&#8211;&nbsp;&nbsp;&nbsp;&nbsp;&nbsp;&nbsp;&nbsp; wykszta\u0142cenie wy\u017csze, magisterskie z dziedziny etnografii\/etnologii,<\/p>\n<p>&#8211;&nbsp;&nbsp;&nbsp;&nbsp;&nbsp;&nbsp;&nbsp; znajomo\u015b\u0107 j\u0119zyka obcego na poziomie komunikatywnym,<\/p>\n<p>&#8211;&nbsp;&nbsp;&nbsp;&nbsp;&nbsp;&nbsp;&nbsp; umiej\u0119tno\u015b\u0107 obs\u0142ugi komputera (pakiet MS Office),<\/p>\n<p>&#8211;&nbsp;&nbsp;&nbsp;&nbsp;&nbsp;&nbsp;&nbsp; dok\u0142adno\u015b\u0107, rzetelno\u015b\u0107, dyspozycyjno\u015b\u0107, umiej\u0119tno\u015b\u0107 pracy w zespole,<\/p>\n<p>&#8211;&nbsp;&nbsp;&nbsp;&nbsp;&nbsp;&nbsp;&nbsp; umiej\u0119tno\u015b\u0107 stosowania i interpretowania akt\u00f3w normatywnych oraz obowi\u0105zuj\u0105cych przepis\u00f3w reguluj\u0105cych procedury post\u0119powania przy realizacji zada\u0144 na zajmowanym stanowisku, w szczeg\u00f3lno\u015bci ewidencji zbior\u00f3w.<\/p>\n<p>&nbsp;<\/p>\n<p><strong>III. Dodatkowe atuty:<\/strong><\/p>\n<p>&#8211;&nbsp;&nbsp;&nbsp;&nbsp;&nbsp;&nbsp;&nbsp; do\u015bwiadczenie w pracy (w tym wolontariat, praktyki itp.) w instytucji kultury,<\/p>\n<p>&#8211;&nbsp;&nbsp;&nbsp;&nbsp;&nbsp;&nbsp;&nbsp; umiej\u0119tno\u015b\u0107 kreatywnego dzia\u0142ania, komunikacji interpersonalnej,<\/p>\n<p>&#8211;&nbsp;&nbsp;&nbsp;&nbsp;&nbsp;&nbsp;&nbsp; umiej\u0119tno\u015b\u0107 pisania teks\u00f3w o charakterze naukowym lub popularnonaukowym.<\/p>\n<p>&nbsp;<\/p>\n<p><strong>IV. Zakres realizowanych zada\u0144:<\/strong><\/p>\n<p>&#8211;&nbsp;&nbsp;&nbsp;&nbsp;&nbsp;&nbsp;&nbsp; prowadzenie bada\u0144 z zakresu etnografii w szczeg\u00f3lno\u015bci obejmuj\u0105cych obszar regionu Kurpiowskiej Puszczy Zielonej i Bia\u0142ej,<\/p>\n<p>&#8211;&nbsp;&nbsp;&nbsp;&nbsp;&nbsp;&nbsp;&nbsp; ewidencja zbior\u00f3w muzealnych i ich naukowe opracowanie w programie MONA,<\/p>\n<p>&#8211;&nbsp;&nbsp;&nbsp;&nbsp;&nbsp;&nbsp;&nbsp; publikowanie w\u0142asnych opracowa\u0144 z zakresu problematyki etnograficznej\/etnologicznej ze szczeg\u00f3lnym uwzgl\u0119dnieniem zakresu badawczego Muzeum,<\/p>\n<p>&#8211;&nbsp;&nbsp;&nbsp;&nbsp;&nbsp;&nbsp;&nbsp; sporz\u0105dzanie scenariuszy, organizacja wystaw muzealnych, nadz\u00f3r merytoryczny nad ekspozycjami muzealnymi,<\/p>\n<p>&#8211;&nbsp;&nbsp;&nbsp;&nbsp;&nbsp;&nbsp;&nbsp; reprezentowanie Muzeum na konferencjach naukowych, popularnonaukowych itp.,<\/p>\n<p>&#8211;&nbsp;&nbsp;&nbsp;&nbsp;&nbsp;&nbsp;&nbsp; wyst\u0119powanie w mediach oraz udzielanie osobom zainteresowanym informacji o bie\u017c\u0105cych ekspozycjach oraz o tematach z zakresu etnografii,<\/p>\n<p>&#8211;&nbsp;&nbsp;&nbsp;&nbsp;&nbsp;&nbsp;&nbsp; popularyzacja wiedzy o zbiorach i regionie,<\/p>\n<p>&#8211;&nbsp;&nbsp;&nbsp;&nbsp;&nbsp;&nbsp;&nbsp; wsp\u00f3\u0142praca z Dzia\u0142em Edukacji i Promocji w przygotowaniu zaj\u0119\u0107 o charakterze edukacyjnym dla dzieci i os\u00f3b, doros\u0142ych, odczyt\u00f3w, prelekcji i innych wydarze\u0144,<\/p>\n<p>&#8211;&nbsp;&nbsp;&nbsp;&nbsp;&nbsp;&nbsp;&nbsp; przygotowywanie wniosk\u00f3w na dotacje celowe,<\/p>\n<p>&#8211;&nbsp;&nbsp;&nbsp;&nbsp;&nbsp;&nbsp;&nbsp; udzia\u0142 w kolegiach i komisjach inwentaryzacyjnych,<\/p>\n<p>&#8211;&nbsp;&nbsp;&nbsp;&nbsp;&nbsp;&nbsp;&nbsp; udzia\u0142 w obs\u0142udze zwiedzaj\u0105cych.<\/p>\n<p>&nbsp;<\/p>\n<p><strong>V.&nbsp; Wymagane dokumenty:<\/strong><\/p>\n<p>&#8211;&nbsp;&nbsp;&nbsp;&nbsp;&nbsp;&nbsp;&nbsp; CV,<\/p>\n<p>&#8211;&nbsp;&nbsp;&nbsp;&nbsp;&nbsp;&nbsp;&nbsp; list motywacyjny,<\/p>\n<p>&#8211;&nbsp;&nbsp;&nbsp;&nbsp;&nbsp;&nbsp;&nbsp; kserokopia dokument\u00f3w po\u015bwiadczaj\u0105cych wykszta\u0142cenie (dyplom, za\u015bwiadczenie o stanie uko\u0144czonych studi\u00f3w, \u015bwiadectwo uko\u0144czenia szko\u0142y, za\u015bwiadczenia o uko\u0144czonych kursach, szkoleniach, itp.),<\/p>\n<p>&#8211;&nbsp;&nbsp;&nbsp;&nbsp;&nbsp;&nbsp;&nbsp; kserokopie \u015bwiadectw pracy,<\/p>\n<p>&#8211;&nbsp;&nbsp;&nbsp;&nbsp;&nbsp;&nbsp;&nbsp; mile widziane referencje,<\/p>\n<p>&#8211;&nbsp;&nbsp;&nbsp;&nbsp;&nbsp;&nbsp;&nbsp; klauzula zgody na przetwarzanie danych osobowych:<\/p>\n<p>\u201eWyra\u017cam zgod\u0119 na przetwarzanie moich danych osobowych przez Muzeum Kultury Kurpiowskiej w Ostro\u0142\u0119ce dla potrzeb niezb\u0119dnych do realizacji proces\u00f3w rekrutacyjnych, prowadzonych zar\u00f3wno obecnie, jak te\u017c w przysz\u0142o\u015bci. Zgoda zosta\u0142a wyra\u017cona przeze mnie w trybie zapis\u00f3w art. 7 ust. 1 i 2 Rozporz\u0105dzenia Parlamentu Europejskiego i Rady (UE) 2016\/679 z dnia 27 kwietnia 2016 r. w sprawie ochrony os\u00f3b fizycznych w zwi\u0105zku z przetwarzaniem danych osobowych i w sprawie swobodnego przep\u0142ywu takich danych oraz uchylenia dyrektywy 95\/46\/WE (og\u00f3lne rozporz\u0105dzenie o ochronie danych) zwanego RODO\u201d.<\/p>\n<p>&nbsp;<\/p>\n<p><strong>VI. Spos\u00f3b aplikacji:<\/strong><\/p>\n<p>&#8211;&nbsp;&nbsp;&nbsp;&nbsp;&nbsp;&nbsp;&nbsp; dokumenty powinny by\u0107 sporz\u0105dzone w j\u0119zyku polskim i podpisane przez kandydata.<\/p>\n<p>&#8211;&nbsp;&nbsp;&nbsp;&nbsp;&nbsp;&nbsp;&nbsp; dokumenty nale\u017cy dostarczy\u0107 osobi\u015bcie lub poczt\u0105 na adres: Muzeum Kultury Kurpiowskiej, pl. gen. J. Bema 8, 07-410 Ostro\u0142\u0119ka lub na adres mailowy:&nbsp;<a href=\"mailto:biuro@muzeum.ostroleka.pl\">biuro@muzeum.ostroleka.pl<\/a>.<\/p>\n<p>&nbsp;<\/p>\n<p>&nbsp;<\/p>\n","protected":false},"excerpt":{"rendered":"<p>Muzeum Kultury Kurpiowskiej w Ostro\u0142\u0119ce og\u0142asza nab\u00f3r na stanowisko asystenta w&nbsp;Dziale Etnograficznym. Stanowisko: Asystent w Dziale Etnograficznym \u2013 etnolog\/etnograf\/antropolog kultury. &nbsp;I.&nbsp;&nbsp;&nbsp;&nbsp;&nbsp;Informacje og\u00f3lne. &#8211;&nbsp;&nbsp;&nbsp;&nbsp;&nbsp;&nbsp;&nbsp; wymiar etatu &#8211; pe\u0142ny wymiar czasu pracy, &#8211;&nbsp;&nbsp;&nbsp;&nbsp;&nbsp;&nbsp;&nbsp; miejsce w strukturze organizacyjnej: Dzia\u0142 Etnograficzny, &#8211;&nbsp;&nbsp;&nbsp;&nbsp;&nbsp;&nbsp;&nbsp; rodzaj umowy: umowa o prac\u0119 na okres pr\u00f3bny (w okresie p\u00f3\u017aniejszym mo\u017cliwo\u015b\u0107 zawarcia umowy na czas nieokre\u015blony). [&hellip;]<\/p>\n","protected":false},"author":1,"featured_media":414,"comment_status":"open","ping_status":"open","sticky":false,"template":"","format":"standard","meta":{"_acf_changed":false,"_lmt_disableupdate":"","_lmt_disable":"","_monsterinsights_skip_tracking":false,"_monsterinsights_sitenote_active":false,"_monsterinsights_sitenote_note":"","_monsterinsights_sitenote_category":0,"ngg_post_thumbnail":0,"footnotes":""},"categories":[47],"tags":[],"class_list":["post-1351","post","type-post","status-publish","format-standard","has-post-thumbnail","hentry","category-praca-w-muzeum"],"acf":[],"modified_by":"wisnia","_links":{"self":[{"href":"https:\/\/muzeum.ostroleka.pl\/index.php?rest_route=\/wp\/v2\/posts\/1351","targetHints":{"allow":["GET"]}}],"collection":[{"href":"https:\/\/muzeum.ostroleka.pl\/index.php?rest_route=\/wp\/v2\/posts"}],"about":[{"href":"https:\/\/muzeum.ostroleka.pl\/index.php?rest_route=\/wp\/v2\/types\/post"}],"author":[{"embeddable":true,"href":"https:\/\/muzeum.ostroleka.pl\/index.php?rest_route=\/wp\/v2\/users\/1"}],"replies":[{"embeddable":true,"href":"https:\/\/muzeum.ostroleka.pl\/index.php?rest_route=%2Fwp%2Fv2%2Fcomments&post=1351"}],"version-history":[{"count":2,"href":"https:\/\/muzeum.ostroleka.pl\/index.php?rest_route=\/wp\/v2\/posts\/1351\/revisions"}],"predecessor-version":[{"id":1353,"href":"https:\/\/muzeum.ostroleka.pl\/index.php?rest_route=\/wp\/v2\/posts\/1351\/revisions\/1353"}],"wp:featuredmedia":[{"embeddable":true,"href":"https:\/\/muzeum.ostroleka.pl\/index.php?rest_route=\/wp\/v2\/media\/414"}],"wp:attachment":[{"href":"https:\/\/muzeum.ostroleka.pl\/index.php?rest_route=%2Fwp%2Fv2%2Fmedia&parent=1351"}],"wp:term":[{"taxonomy":"category","embeddable":true,"href":"https:\/\/muzeum.ostroleka.pl\/index.php?rest_route=%2Fwp%2Fv2%2Fcategories&post=1351"},{"taxonomy":"post_tag","embeddable":true,"href":"https:\/\/muzeum.ostroleka.pl\/index.php?rest_route=%2Fwp%2Fv2%2Ftags&post=1351"}],"curies":[{"name":"wp","href":"https:\/\/api.w.org\/{rel}","templated":true}]}}