{"id":14294,"date":"2023-09-22T14:28:52","date_gmt":"2023-09-22T13:28:52","guid":{"rendered":"https:\/\/muzeum.ostroleka.pl\/?p=14294"},"modified":"2023-11-09T10:35:23","modified_gmt":"2023-11-09T09:35:23","slug":"wystawa-tradycje-od-pokolen-niematerialne-dziedzictwo-kulturowe-w-polsce-zostala-zaprezentowana-w-ostrolece","status":"publish","type":"post","link":"https:\/\/muzeum.ostroleka.pl\/?p=14294","title":{"rendered":"Wystawa \u201eTradycje od pokole\u0144. Niematerialne dziedzictwo kulturowe w Polsce\u201d zosta\u0142a zaprezentowana w Ostro\u0142\u0119ce"},"content":{"rendered":"<p style=\"text-align: justify;\">Od wczoraj na placu Bema przed budynkiem Muzeum Kultury Kurpiowskiej w Ostro\u0142\u0119ce mo\u017cna zwiedza\u0107 wystaw\u0119 plenerow\u0105 \u201eTradycje od pokole\u0144. Niematerialne dziedzictwo kulturowe w Polsce\u201d, kt\u00f3r\u0105 zorganizowano w ramach obchod\u00f3w jubileuszu 20-lecia Konwencji UNESCO w sprawie ochrony niematerialnego dziedzictwa kulturowego oraz 10-lecia Krajowej listy niematerialnego dziedzictwa kulturowego. Podczas wernisa\u017cu przed pomnikiem gen. J\u00f3zefa Bema odby\u0142y si\u0119 wyst\u0105pienia przedstawicieli w\u0142adz i reprezentant\u00f3w mazowieckich instytucji kultury oraz odczytano list prof. Piotra Gli\u0144skiego, Ministra Kultury i Dziedzictwa Narodowego.<\/p>\n<p style=\"text-align: justify;\">Otwarciu towarzyszy\u0142a, zorganizowana na muzealnym dziedzi\u0144cu, konferencja po\u015bwi\u0119cona niematerialnemu dziedzictwu kulturowemu wojew\u00f3dztw mazowieckiego, podlaskiego i warmi\u0144sko-mazurskiego. W Muzeum odby\u0142y si\u0119 prezentacje depozytariuszy pochodz\u0105cych z tych region\u00f3w. Na go\u015bci czeka\u0142 regionalny pocz\u0119stunek, a uroczysto\u015bci zako\u0144czy\u0142 koncert Orkiestry Kurpiowskiej dzia\u0142aj\u0105cej przy Centrum Kultury \u2013 Biblioteki i Sportu w Lelisie.<\/p>\n<p>Wystawa zosta\u0142a obj\u0119ta honorowym patronatem Polskiego Komitetu do spraw UNESCO.<br \/>\nOrganizacja jubileuszu \u201e10 lat Krajowej listy niematerialnego dziedzictwa kulturowego\u201d jest finansowana ze \u015brodk\u00f3w Ministerstwa Kultury i Dziedzictwa Narodowego.<\/p>\n<p>Wystaw\u0119 mo\u017cna zwiedza\u0107 do 25 pa\u017adziernika 2023 r.<\/p>\n<p>Zapraszamy.<\/p>\nngg_shortcode_0_placeholder\n","protected":false},"excerpt":{"rendered":"<p>Od wczoraj na placu Bema przed budynkiem Muzeum Kultury Kurpiowskiej w Ostro\u0142\u0119ce mo\u017cna zwiedza\u0107 wystaw\u0119 plenerow\u0105 \u201eTradycje od pokole\u0144. Niematerialne dziedzictwo kulturowe w Polsce\u201d, kt\u00f3r\u0105 zorganizowano w ramach obchod\u00f3w jubileuszu 20-lecia Konwencji UNESCO w sprawie ochrony niematerialnego dziedzictwa kulturowego oraz 10-lecia Krajowej listy niematerialnego dziedzictwa kulturowego. Podczas wernisa\u017cu przed pomnikiem gen. J\u00f3zefa Bema odby\u0142y si\u0119 [&hellip;]<\/p>\n","protected":false},"author":3,"featured_media":14295,"comment_status":"closed","ping_status":"closed","sticky":false,"template":"","format":"standard","meta":{"_acf_changed":false,"_lmt_disableupdate":"","_lmt_disable":"","_monsterinsights_skip_tracking":false,"_monsterinsights_sitenote_active":false,"_monsterinsights_sitenote_note":"","_monsterinsights_sitenote_category":0,"ngg_post_thumbnail":0,"footnotes":""},"categories":[3,53],"tags":[],"class_list":["post-14294","post","type-post","status-publish","format-standard","has-post-thumbnail","hentry","category-aktualnosci","category-wystawy-czasowe-archiwalne"],"acf":[],"modified_by":"Daniel Go\u0142a\u015b","_links":{"self":[{"href":"https:\/\/muzeum.ostroleka.pl\/index.php?rest_route=\/wp\/v2\/posts\/14294","targetHints":{"allow":["GET"]}}],"collection":[{"href":"https:\/\/muzeum.ostroleka.pl\/index.php?rest_route=\/wp\/v2\/posts"}],"about":[{"href":"https:\/\/muzeum.ostroleka.pl\/index.php?rest_route=\/wp\/v2\/types\/post"}],"author":[{"embeddable":true,"href":"https:\/\/muzeum.ostroleka.pl\/index.php?rest_route=\/wp\/v2\/users\/3"}],"replies":[{"embeddable":true,"href":"https:\/\/muzeum.ostroleka.pl\/index.php?rest_route=%2Fwp%2Fv2%2Fcomments&post=14294"}],"version-history":[{"count":1,"href":"https:\/\/muzeum.ostroleka.pl\/index.php?rest_route=\/wp\/v2\/posts\/14294\/revisions"}],"predecessor-version":[{"id":14358,"href":"https:\/\/muzeum.ostroleka.pl\/index.php?rest_route=\/wp\/v2\/posts\/14294\/revisions\/14358"}],"wp:featuredmedia":[{"embeddable":true,"href":"https:\/\/muzeum.ostroleka.pl\/index.php?rest_route=\/wp\/v2\/media\/14295"}],"wp:attachment":[{"href":"https:\/\/muzeum.ostroleka.pl\/index.php?rest_route=%2Fwp%2Fv2%2Fmedia&parent=14294"}],"wp:term":[{"taxonomy":"category","embeddable":true,"href":"https:\/\/muzeum.ostroleka.pl\/index.php?rest_route=%2Fwp%2Fv2%2Fcategories&post=14294"},{"taxonomy":"post_tag","embeddable":true,"href":"https:\/\/muzeum.ostroleka.pl\/index.php?rest_route=%2Fwp%2Fv2%2Ftags&post=14294"}],"curies":[{"name":"wp","href":"https:\/\/api.w.org\/{rel}","templated":true}]}}