{"id":14397,"date":"2023-09-29T16:00:02","date_gmt":"2023-09-29T15:00:02","guid":{"rendered":"https:\/\/muzeum.ostroleka.pl\/?p=14397"},"modified":"2023-09-30T09:02:10","modified_gmt":"2023-09-30T08:02:10","slug":"wystawa-czasowa-artur-nacht-samborski-wejrzenia-zostala-otwarta","status":"publish","type":"post","link":"https:\/\/muzeum.ostroleka.pl\/?p=14397","title":{"rendered":"Wystawa czasowa \u201eArtur Nacht-Samborski. Wejrzenia\u201d zosta\u0142a otwarta"},"content":{"rendered":"<p style=\"text-align: justify;\">Dzisiaj w Muzeum Kultury Kurpiowskiej odby\u0142 si\u0119 wernisa\u017c wystawy pt. \u201eArtur Nacht-Samborski. Wejrzenia\u201d. Wernisa\u017cowi towarzyszy\u0142a promocja katalogu, kt\u00f3rego wydanie zosta\u0142o sfinansowane z dotacji celowej ze \u015brodk\u00f3w Samorz\u0105du Wojew\u00f3dztwa Mazowieckiego. Wi\u0119cej informacji o wystawie znajduje si\u0119 pod adresem: <a href=\"https:\/\/muzeum.ostroleka.pl\/?p=14393\">https:\/\/muzeum.ostroleka.pl\/?p=14393<\/a>.<\/p>\n<p style=\"text-align: justify;\">Ekspozycj\u0119 mo\u017cna ogl\u0105da\u0107 do 30 listopada 2023 r.<\/p>\n<p style=\"text-align: justify;\">Serdecznie zapraszamy.<\/p>\n<p>&nbsp;<\/p>\nngg_shortcode_0_placeholder\n","protected":false},"excerpt":{"rendered":"<p>Dzisiaj w Muzeum Kultury Kurpiowskiej odby\u0142 si\u0119 wernisa\u017c wystawy pt. \u201eArtur Nacht-Samborski. Wejrzenia\u201d. Wernisa\u017cowi towarzyszy\u0142a promocja katalogu, kt\u00f3rego wydanie zosta\u0142o sfinansowane z dotacji celowej ze \u015brodk\u00f3w Samorz\u0105du Wojew\u00f3dztwa Mazowieckiego. Wi\u0119cej informacji o wystawie znajduje si\u0119 pod adresem: https:\/\/muzeum.ostroleka.pl\/?p=14393. Ekspozycj\u0119 mo\u017cna ogl\u0105da\u0107 do 30 listopada 2023 r. Serdecznie zapraszamy. &nbsp;<\/p>\n","protected":false},"author":3,"featured_media":14398,"comment_status":"closed","ping_status":"closed","sticky":false,"template":"","format":"standard","meta":{"_acf_changed":false,"_lmt_disableupdate":"","_lmt_disable":"","_monsterinsights_skip_tracking":false,"_monsterinsights_sitenote_active":false,"_monsterinsights_sitenote_note":"","_monsterinsights_sitenote_category":0,"ngg_post_thumbnail":0,"footnotes":""},"categories":[3],"tags":[],"class_list":["post-14397","post","type-post","status-publish","format-standard","has-post-thumbnail","hentry","category-aktualnosci"],"acf":[],"modified_by":"Daniel Go\u0142a\u015b","_links":{"self":[{"href":"https:\/\/muzeum.ostroleka.pl\/index.php?rest_route=\/wp\/v2\/posts\/14397","targetHints":{"allow":["GET"]}}],"collection":[{"href":"https:\/\/muzeum.ostroleka.pl\/index.php?rest_route=\/wp\/v2\/posts"}],"about":[{"href":"https:\/\/muzeum.ostroleka.pl\/index.php?rest_route=\/wp\/v2\/types\/post"}],"author":[{"embeddable":true,"href":"https:\/\/muzeum.ostroleka.pl\/index.php?rest_route=\/wp\/v2\/users\/3"}],"replies":[{"embeddable":true,"href":"https:\/\/muzeum.ostroleka.pl\/index.php?rest_route=%2Fwp%2Fv2%2Fcomments&post=14397"}],"version-history":[{"count":1,"href":"https:\/\/muzeum.ostroleka.pl\/index.php?rest_route=\/wp\/v2\/posts\/14397\/revisions"}],"predecessor-version":[{"id":14425,"href":"https:\/\/muzeum.ostroleka.pl\/index.php?rest_route=\/wp\/v2\/posts\/14397\/revisions\/14425"}],"wp:featuredmedia":[{"embeddable":true,"href":"https:\/\/muzeum.ostroleka.pl\/index.php?rest_route=\/wp\/v2\/media\/14398"}],"wp:attachment":[{"href":"https:\/\/muzeum.ostroleka.pl\/index.php?rest_route=%2Fwp%2Fv2%2Fmedia&parent=14397"}],"wp:term":[{"taxonomy":"category","embeddable":true,"href":"https:\/\/muzeum.ostroleka.pl\/index.php?rest_route=%2Fwp%2Fv2%2Fcategories&post=14397"},{"taxonomy":"post_tag","embeddable":true,"href":"https:\/\/muzeum.ostroleka.pl\/index.php?rest_route=%2Fwp%2Fv2%2Ftags&post=14397"}],"curies":[{"name":"wp","href":"https:\/\/api.w.org\/{rel}","templated":true}]}}