{"id":14426,"date":"2023-10-02T08:26:59","date_gmt":"2023-10-02T07:26:59","guid":{"rendered":"https:\/\/muzeum.ostroleka.pl\/?p=14426"},"modified":"2023-10-02T08:26:59","modified_gmt":"2023-10-02T07:26:59","slug":"zaglosuj-na-nas-w-konkursie-lider-zmian-funduszy-europejskich-2023","status":"publish","type":"post","link":"https:\/\/muzeum.ostroleka.pl\/?p=14426","title":{"rendered":"Zag\u0142osuj na nas w konkursie \u201eLider Zmian Funduszy Europejskich 2023\u201d!"},"content":{"rendered":"<p>Rozpocz\u0119\u0142o si\u0119 g\u0142osowanie w konkursie \u201eLider Zmian Funduszy Europejskich 2023\u201d. Jak informowali\u015bmy kilka dni temu, Muzeum Kultury Kurpiowskiej w Ostro\u0142\u0119ce z projektem \u201eRewitalizacja. Per causam ad animi\u201d zosta\u0142o nominowane do konkursu \u201eLider Zmian Funduszy Europejskich 2023\u201d organizowanego przez Mazowieck\u0105 Jednostk\u0119 Wdra\u017cania Program\u00f3w Unijnych. Nasz projekt zakwalifikowano do kategorii \u201eZielone Fundusze Europejskie\u201d.<\/p>\n<p>&nbsp;<\/p>\n<p>Uwaga! Od dzisiaj mo\u017cna na nas g\u0142osowa\u0107 pod adresem <a href=\"https:\/\/liderzmian.eu\/glosowanie-2023\/zielone-fundusze-europejskie\/81-projekt-pt-rewitalizacja-per-causam-ad-animi\/\">https:\/\/liderzmian.eu\/glosowanie-2023\/zielone-fundusze-europejskie\/81-projekt-pt-rewitalizacja-per-causam-ad-animi\/<\/a><\/p>\n<p>Jedna osoba mo\u017ce na nas zag\u0142osowa\u0107 raz na dob\u0119.<\/p>\n<p>G\u0142osowanie trwa do 16 pa\u017adziernika 2023 r. do godz. 23:59.<\/p>\n<p>Liczymy na Pa\u0144stwa g\u0142osy i serdecznie dzi\u0119kujemy!<\/p>\n","protected":false},"excerpt":{"rendered":"<p>Rozpocz\u0119\u0142o si\u0119 g\u0142osowanie w konkursie \u201eLider Zmian Funduszy Europejskich 2023\u201d. Jak informowali\u015bmy kilka dni temu, Muzeum Kultury Kurpiowskiej w Ostro\u0142\u0119ce z projektem \u201eRewitalizacja. Per causam ad animi\u201d zosta\u0142o nominowane do konkursu \u201eLider Zmian Funduszy Europejskich 2023\u201d organizowanego przez Mazowieck\u0105 Jednostk\u0119 Wdra\u017cania Program\u00f3w Unijnych. Nasz projekt zakwalifikowano do kategorii \u201eZielone Fundusze Europejskie\u201d. &nbsp; Uwaga! Od dzisiaj [&hellip;]<\/p>\n","protected":false},"author":3,"featured_media":14431,"comment_status":"closed","ping_status":"closed","sticky":false,"template":"","format":"standard","meta":{"_acf_changed":false,"_lmt_disableupdate":"","_lmt_disable":"","_monsterinsights_skip_tracking":false,"_monsterinsights_sitenote_active":false,"_monsterinsights_sitenote_note":"","_monsterinsights_sitenote_category":0,"ngg_post_thumbnail":0,"footnotes":""},"categories":[3],"tags":[],"class_list":["post-14426","post","type-post","status-publish","format-standard","has-post-thumbnail","hentry","category-aktualnosci"],"acf":[],"modified_by":"Daniel Go\u0142a\u015b","_links":{"self":[{"href":"https:\/\/muzeum.ostroleka.pl\/index.php?rest_route=\/wp\/v2\/posts\/14426","targetHints":{"allow":["GET"]}}],"collection":[{"href":"https:\/\/muzeum.ostroleka.pl\/index.php?rest_route=\/wp\/v2\/posts"}],"about":[{"href":"https:\/\/muzeum.ostroleka.pl\/index.php?rest_route=\/wp\/v2\/types\/post"}],"author":[{"embeddable":true,"href":"https:\/\/muzeum.ostroleka.pl\/index.php?rest_route=\/wp\/v2\/users\/3"}],"replies":[{"embeddable":true,"href":"https:\/\/muzeum.ostroleka.pl\/index.php?rest_route=%2Fwp%2Fv2%2Fcomments&post=14426"}],"version-history":[{"count":2,"href":"https:\/\/muzeum.ostroleka.pl\/index.php?rest_route=\/wp\/v2\/posts\/14426\/revisions"}],"predecessor-version":[{"id":14429,"href":"https:\/\/muzeum.ostroleka.pl\/index.php?rest_route=\/wp\/v2\/posts\/14426\/revisions\/14429"}],"wp:featuredmedia":[{"embeddable":true,"href":"https:\/\/muzeum.ostroleka.pl\/index.php?rest_route=\/wp\/v2\/media\/14431"}],"wp:attachment":[{"href":"https:\/\/muzeum.ostroleka.pl\/index.php?rest_route=%2Fwp%2Fv2%2Fmedia&parent=14426"}],"wp:term":[{"taxonomy":"category","embeddable":true,"href":"https:\/\/muzeum.ostroleka.pl\/index.php?rest_route=%2Fwp%2Fv2%2Fcategories&post=14426"},{"taxonomy":"post_tag","embeddable":true,"href":"https:\/\/muzeum.ostroleka.pl\/index.php?rest_route=%2Fwp%2Fv2%2Ftags&post=14426"}],"curies":[{"name":"wp","href":"https:\/\/api.w.org\/{rel}","templated":true}]}}