{"id":14913,"date":"2023-11-29T16:24:12","date_gmt":"2023-11-29T15:24:12","guid":{"rendered":"https:\/\/muzeum.ostroleka.pl\/?p=14913"},"modified":"2024-07-11T10:46:30","modified_gmt":"2024-07-11T09:46:30","slug":"nowa-wystawa-w-rocznice-wybuchu-powstania-listopadowego","status":"publish","type":"post","link":"https:\/\/muzeum.ostroleka.pl\/?p=14913","title":{"rendered":"Nowa wystawa w rocznic\u0119 wybuchu powstania listopadowego"},"content":{"rendered":"<p style=\"text-align: justify;\">29 listopada 2023 r. obchodzimy 193. rocznic\u0119 wybuchu powstania listopadowego. Z tej okazji, w Pomniku Mauzoleum, zosta\u0142a otwarta nowa wystawa \u201eHenryk Kamie\u0144ski &#8211; dzia\u0142alno\u015b\u0107 wojskowa\u201d. Wystawa przybli\u017ca posta\u0107 wybitnego \u017co\u0142nierza, kt\u00f3ry poleg\u0142 ranny w bitwie pod Ostro\u0142\u0119k\u0105 w 1831 roku. Wystaw\u0119 planszow\u0105 mo\u017cna zwiedza\u0107 do 25 listopada 2024 r.<\/p>\nngg_shortcode_0_placeholder\n","protected":false},"excerpt":{"rendered":"<p>29 listopada 2023 r. obchodzimy 193. rocznic\u0119 wybuchu powstania listopadowego. Z tej okazji, w Pomniku Mauzoleum, zosta\u0142a otwarta nowa wystawa \u201eHenryk Kamie\u0144ski &#8211; dzia\u0142alno\u015b\u0107 wojskowa\u201d. Wystawa przybli\u017ca posta\u0107 wybitnego \u017co\u0142nierza, kt\u00f3ry poleg\u0142 ranny w bitwie pod Ostro\u0142\u0119k\u0105 w 1831 roku. Wystaw\u0119 planszow\u0105 mo\u017cna zwiedza\u0107 do 25 listopada 2024 r.<\/p>\n","protected":false},"author":3,"featured_media":14932,"comment_status":"closed","ping_status":"closed","sticky":false,"template":"","format":"standard","meta":{"_acf_changed":false,"_lmt_disableupdate":"","_lmt_disable":"","_monsterinsights_skip_tracking":false,"_monsterinsights_sitenote_active":false,"_monsterinsights_sitenote_note":"","_monsterinsights_sitenote_category":0,"ngg_post_thumbnail":0,"footnotes":""},"categories":[3],"tags":[],"class_list":["post-14913","post","type-post","status-publish","format-standard","has-post-thumbnail","hentry","category-aktualnosci"],"acf":[],"modified_by":"Daniel Go\u0142a\u015b","_links":{"self":[{"href":"https:\/\/muzeum.ostroleka.pl\/index.php?rest_route=\/wp\/v2\/posts\/14913","targetHints":{"allow":["GET"]}}],"collection":[{"href":"https:\/\/muzeum.ostroleka.pl\/index.php?rest_route=\/wp\/v2\/posts"}],"about":[{"href":"https:\/\/muzeum.ostroleka.pl\/index.php?rest_route=\/wp\/v2\/types\/post"}],"author":[{"embeddable":true,"href":"https:\/\/muzeum.ostroleka.pl\/index.php?rest_route=\/wp\/v2\/users\/3"}],"replies":[{"embeddable":true,"href":"https:\/\/muzeum.ostroleka.pl\/index.php?rest_route=%2Fwp%2Fv2%2Fcomments&post=14913"}],"version-history":[{"count":5,"href":"https:\/\/muzeum.ostroleka.pl\/index.php?rest_route=\/wp\/v2\/posts\/14913\/revisions"}],"predecessor-version":[{"id":15134,"href":"https:\/\/muzeum.ostroleka.pl\/index.php?rest_route=\/wp\/v2\/posts\/14913\/revisions\/15134"}],"wp:featuredmedia":[{"embeddable":true,"href":"https:\/\/muzeum.ostroleka.pl\/index.php?rest_route=\/wp\/v2\/media\/14932"}],"wp:attachment":[{"href":"https:\/\/muzeum.ostroleka.pl\/index.php?rest_route=%2Fwp%2Fv2%2Fmedia&parent=14913"}],"wp:term":[{"taxonomy":"category","embeddable":true,"href":"https:\/\/muzeum.ostroleka.pl\/index.php?rest_route=%2Fwp%2Fv2%2Fcategories&post=14913"},{"taxonomy":"post_tag","embeddable":true,"href":"https:\/\/muzeum.ostroleka.pl\/index.php?rest_route=%2Fwp%2Fv2%2Ftags&post=14913"}],"curies":[{"name":"wp","href":"https:\/\/api.w.org\/{rel}","templated":true}]}}