{"id":15025,"date":"2023-10-12T15:55:20","date_gmt":"2023-10-12T14:55:20","guid":{"rendered":"https:\/\/muzeum.ostroleka.pl\/?p=15025"},"modified":"2023-12-11T10:24:14","modified_gmt":"2023-12-11T09:24:14","slug":"konferencja-powstanie-styczniowe-na-mazowszu-polnocno-wschodnim-za-nami","status":"publish","type":"post","link":"https:\/\/muzeum.ostroleka.pl\/?p=15025","title":{"rendered":"Konferencja \u201ePowstanie styczniowe na Mazowszu P\u00f3\u0142nocno-Wschodnim\u201d za nami"},"content":{"rendered":"<p style=\"text-align: justify;\">W czwartek, 12 pa\u017adziernika 2023 r., w Muzeum Kultury Kurpiowskiej w Ostro\u0142\u0119ce odby\u0142a si\u0119 konferencja naukowa pt. \u201ePowstanie styczniowe na Mazowszu P\u00f3\u0142nocno-Wschodnim\u201d, kt\u00f3rej g\u0142\u00f3wnym organizatorem by\u0142o Ostro\u0142\u0119ckie Towarzystwo Naukowe im. Adama Ch\u0119tnika. Konferencja by\u0142a form\u0105 uczczenia 160. rocznicy wybuchu powstania styczniowego.<\/p>\n<p style=\"text-align: justify;\">Otwarcia konferencji dokonali wsp\u00f3lnie Prezes OTN \u2013 prof. Jan Mironczuk \u2013 oraz Dyrektor Muzeum Kultury Kurpiowskiej w Ostro\u0142\u0119ce \u2013 Maria Samsel. W\u015br\u00f3d zgromadzonych go\u015bci byli przedstawiciele samorz\u0105du terytorialnego, pracownicy ostro\u0142\u0119ckich instytucji kultury, nauczyciele i uczniowie lokalnych szk\u00f3\u0142 oraz wszyscy, kt\u00f3rym dzieje historyczne naszego regionu nie s\u0105 obce.<\/p>\n<p style=\"text-align: justify;\">Cz\u0119\u015b\u0107 merytoryczn\u0105 wydarzenia otworzy\u0142 dr Jerzy Kijowski, kt\u00f3ry przedstawi\u0142 zgromadzonym s\u0142uchaczom najwa\u017cniejsze wydarzenia walk powstania styczniowego w Puszczy Bia\u0142ej ze szczeg\u00f3lnym uwzgl\u0119dnieniem walk o przebiegaj\u0105c\u0105 tam tras\u0119 kolejow\u0105. Krzysztof Augustyniak dokona\u0142 por\u00f3wnania dzia\u0142a\u0144 partyzanckich w powstaniu listopadowym i styczniowym, zauwa\u017caj\u0105c, \u017ce pewne kwestie, kt\u00f3re pojawi\u0142y si\u0119 w roku 1831 jeszcze w formie incydent\u00f3w, w latach 1863\u20131864 b\u0119d\u0105 ju\u017c stanowi\u0142y istotny problem (brak ustalenia wzajemnej podleg\u0142o\u015bci pomi\u0119dzy dow\u00f3dcami, konflikty personalne) utrudniaj\u0105cy osi\u0105gni\u0119cie spektakularnych sukces\u00f3w militarnych. Dr Ma\u0142gorzata Lubecka om\u00f3wi\u0142a kwesti\u0119 postawy Ko\u015bcio\u0142a Katolickiego wobec powstania styczniowego na Mazowszu P\u00f3\u0142nocno-Wschodnim. Kolejny prelegent \u2013 prof. Norbert Kasparek \u2013 po\u015bwi\u0119ci\u0142 swoje wyst\u0105pienie kwestii ch\u0142op\u00f3w w powstaniu styczniowym. Profesor zauwa\u017cy\u0142, \u017ce dotychczasowe ustalenia \u2013 m\u00f3wi\u0105ce o niech\u0119tnym stosunku ch\u0142op\u00f3w do powstania \u2013 wymagaj\u0105 pewnej weryfikacji, a samo zagadnienie pog\u0142\u0119bionych studi\u00f3w. Na zako\u0144czenie panelu odby\u0142a si\u0119 dyskusja.<\/p>\n<p style=\"text-align: justify;\">Nast\u0119pnie wszyscy uczestnicy konferencji udali si\u0119 na kilkudziesi\u0119ciominutow\u0105 przerw\u0119, po kt\u00f3rej sw\u00f3j referat dotycz\u0105cy charakteru dzia\u0142a\u0144 zbrojnych w powstaniu styczniowym wyg\u0142osi\u0142 prof. Adam Dobro\u0144ski. Dr Dariusz Budelewski przedstawi\u0142 najwa\u017cniejsze fakty i postacie zwi\u0105zane z powstaniem styczniowym na ziemi makowsko-r\u00f3\u017ca\u0144skiej. Dr Marta \u0141\u0119picka w swoim wyst\u0105pieniu po\u015bwi\u0119conym powstaniu styczniowemu w \u015bwiadomo\u015bci spo\u0142eczno\u015bci lokalnej zwr\u00f3ci\u0142a uwag\u0119 na wzorce zachowa\u0144, kt\u00f3re z pokolenia na pokolenie przekazywane by\u0142y przez uczestnik\u00f3w powstania m\u0142odszym cz\u0142onkom rodzin i jaki by\u0142 ich wp\u0142yw na kszta\u0142towanie postaw kolejnych pokole\u0144. Dr hab. Zbigniew Kudrzycki scharakteryzowa\u0142 postawy propowsta\u0144cze w\u015br\u00f3d ludno\u015bci mazurskiej w okresie powstania styczniowego. Jako ostatni g\u0142os zabra\u0142 prof. Jan Mironczuk, kt\u00f3ry na podstawie materia\u0142\u00f3w archiwalnych zgromadzonych w Archiwum G\u0142\u00f3wnym Akt Dawnych w Warszawie opisa\u0142 postawy ludno\u015bci \u017cydowskiej podczas powstania styczniowego.<br \/>\nPo ka\u017cdym panelu odby\u0142a si\u0119 dyskusja, w trakcie kt\u00f3rej g\u0142os zabierali prelegenci oraz zgromadzeni go\u015bcie.<\/p>\n<p style=\"text-align: justify;\">Zadanie publiczne pn. \u201ePowstanie styczniowe na Mazowszu P\u00f3\u0142nocno-Wschodnim\u201d konferencja naukowa z okazji 160. rocznicy wybuchu powstania styczniowego dofinansowane zosta\u0142o ze \u015brodk\u00f3w z bud\u017cetu Wojew\u00f3dztwa Mazowieckiego.<\/p>\n<p style=\"text-align: justify;\">Wsp\u00f3\u0142organizatorem wydarzenia by\u0142 Powiat Ostro\u0142\u0119cki.<\/p>\n<p>#Mazowszepomaga #programywsparcia #solidarno\u015b\u0107mazowiecka<\/p>\n<p>&nbsp;<\/p>\nngg_shortcode_0_placeholder\n","protected":false},"excerpt":{"rendered":"<p>W czwartek, 12 pa\u017adziernika 2023 r., w Muzeum Kultury Kurpiowskiej w Ostro\u0142\u0119ce odby\u0142a si\u0119 konferencja naukowa pt. \u201ePowstanie styczniowe na Mazowszu P\u00f3\u0142nocno-Wschodnim\u201d, kt\u00f3rej g\u0142\u00f3wnym organizatorem by\u0142o Ostro\u0142\u0119ckie Towarzystwo Naukowe im. Adama Ch\u0119tnika. Konferencja by\u0142a form\u0105 uczczenia 160. rocznicy wybuchu powstania styczniowego. Otwarcia konferencji dokonali wsp\u00f3lnie Prezes OTN \u2013 prof. Jan Mironczuk \u2013 oraz Dyrektor Muzeum [&hellip;]<\/p>\n","protected":false},"author":3,"featured_media":15026,"comment_status":"closed","ping_status":"closed","sticky":false,"template":"","format":"standard","meta":{"_acf_changed":false,"_lmt_disableupdate":"","_lmt_disable":"","_monsterinsights_skip_tracking":false,"_monsterinsights_sitenote_active":false,"_monsterinsights_sitenote_note":"","_monsterinsights_sitenote_category":0,"ngg_post_thumbnail":0,"footnotes":""},"categories":[3],"tags":[],"class_list":["post-15025","post","type-post","status-publish","format-standard","has-post-thumbnail","hentry","category-aktualnosci"],"acf":[],"modified_by":"Daniel Go\u0142a\u015b","_links":{"self":[{"href":"https:\/\/muzeum.ostroleka.pl\/index.php?rest_route=\/wp\/v2\/posts\/15025","targetHints":{"allow":["GET"]}}],"collection":[{"href":"https:\/\/muzeum.ostroleka.pl\/index.php?rest_route=\/wp\/v2\/posts"}],"about":[{"href":"https:\/\/muzeum.ostroleka.pl\/index.php?rest_route=\/wp\/v2\/types\/post"}],"author":[{"embeddable":true,"href":"https:\/\/muzeum.ostroleka.pl\/index.php?rest_route=\/wp\/v2\/users\/3"}],"replies":[{"embeddable":true,"href":"https:\/\/muzeum.ostroleka.pl\/index.php?rest_route=%2Fwp%2Fv2%2Fcomments&post=15025"}],"version-history":[{"count":1,"href":"https:\/\/muzeum.ostroleka.pl\/index.php?rest_route=\/wp\/v2\/posts\/15025\/revisions"}],"predecessor-version":[{"id":15037,"href":"https:\/\/muzeum.ostroleka.pl\/index.php?rest_route=\/wp\/v2\/posts\/15025\/revisions\/15037"}],"wp:featuredmedia":[{"embeddable":true,"href":"https:\/\/muzeum.ostroleka.pl\/index.php?rest_route=\/wp\/v2\/media\/15026"}],"wp:attachment":[{"href":"https:\/\/muzeum.ostroleka.pl\/index.php?rest_route=%2Fwp%2Fv2%2Fmedia&parent=15025"}],"wp:term":[{"taxonomy":"category","embeddable":true,"href":"https:\/\/muzeum.ostroleka.pl\/index.php?rest_route=%2Fwp%2Fv2%2Fcategories&post=15025"},{"taxonomy":"post_tag","embeddable":true,"href":"https:\/\/muzeum.ostroleka.pl\/index.php?rest_route=%2Fwp%2Fv2%2Ftags&post=15025"}],"curies":[{"name":"wp","href":"https:\/\/api.w.org\/{rel}","templated":true}]}}