{"id":15091,"date":"2023-12-13T15:30:22","date_gmt":"2023-12-13T14:30:22","guid":{"rendered":"https:\/\/muzeum.ostroleka.pl\/?p=15091"},"modified":"2023-12-13T15:30:47","modified_gmt":"2023-12-13T14:30:47","slug":"zapraszamy-na-ostatnie-w-tym-roku-spotkanie-z-cyklu-niedziela-w-muzeum","status":"publish","type":"post","link":"https:\/\/muzeum.ostroleka.pl\/?p=15091","title":{"rendered":"Zapraszamy na ostatnie w tym roku spotkanie z cyklu \u201eNiedziela w Muzeum\u201d"},"content":{"rendered":"<p style=\"text-align: justify;\">Przed nami ostatnie w tym roku spotkanie z cyklu \u201eNiedziela w Muzeum\u201d. B\u0119dziemy tworzy\u0107 metod\u0105 decoupage, pude\u0142eczka na drobiazgi pod choink\u0119. Prezenty w takich oryginalnych, w\u0142asnor\u0119cznie wykonanych opakowaniach sprawi\u0105 wiele rado\u015bci naszym najbli\u017cszym.<\/p>\n<p>Spotkanie odb\u0119dzie si\u0119 w najbli\u017csz\u0105 niedziel\u0119, 17 grudnia o godz. 11.00 do Muzeum Kultury Kurpiowskiej przy placu gen. J. Bema 8 w Ostro\u0142\u0119ce.<\/p>\n<p>\u2022 Obowi\u0105zuj\u0105 zapisy pod numerem tel. 29 764 54 43 wew. 43. Liczba miejsc ograniczona.<br \/>\n\u2022 Cena: 15 z\u0142 od osoby.<\/p>\n<p>Serdecznie zapraszamy!<\/p>\n","protected":false},"excerpt":{"rendered":"<p>Przed nami ostatnie w tym roku spotkanie z cyklu \u201eNiedziela w Muzeum\u201d. B\u0119dziemy tworzy\u0107 metod\u0105 decoupage, pude\u0142eczka na drobiazgi pod choink\u0119. Prezenty w takich oryginalnych, w\u0142asnor\u0119cznie wykonanych opakowaniach sprawi\u0105 wiele rado\u015bci naszym najbli\u017cszym. Spotkanie odb\u0119dzie si\u0119 w najbli\u017csz\u0105 niedziel\u0119, 17 grudnia o godz. 11.00 do Muzeum Kultury Kurpiowskiej przy placu gen. J. Bema 8 w [&hellip;]<\/p>\n","protected":false},"author":3,"featured_media":15039,"comment_status":"closed","ping_status":"closed","sticky":false,"template":"","format":"standard","meta":{"_acf_changed":false,"_lmt_disableupdate":"","_lmt_disable":"","_monsterinsights_skip_tracking":false,"_monsterinsights_sitenote_active":false,"_monsterinsights_sitenote_note":"","_monsterinsights_sitenote_category":0,"ngg_post_thumbnail":0,"footnotes":""},"categories":[3],"tags":[],"class_list":["post-15091","post","type-post","status-publish","format-standard","has-post-thumbnail","hentry","category-aktualnosci"],"acf":[],"modified_by":"Daniel Go\u0142a\u015b","_links":{"self":[{"href":"https:\/\/muzeum.ostroleka.pl\/index.php?rest_route=\/wp\/v2\/posts\/15091","targetHints":{"allow":["GET"]}}],"collection":[{"href":"https:\/\/muzeum.ostroleka.pl\/index.php?rest_route=\/wp\/v2\/posts"}],"about":[{"href":"https:\/\/muzeum.ostroleka.pl\/index.php?rest_route=\/wp\/v2\/types\/post"}],"author":[{"embeddable":true,"href":"https:\/\/muzeum.ostroleka.pl\/index.php?rest_route=\/wp\/v2\/users\/3"}],"replies":[{"embeddable":true,"href":"https:\/\/muzeum.ostroleka.pl\/index.php?rest_route=%2Fwp%2Fv2%2Fcomments&post=15091"}],"version-history":[{"count":2,"href":"https:\/\/muzeum.ostroleka.pl\/index.php?rest_route=\/wp\/v2\/posts\/15091\/revisions"}],"predecessor-version":[{"id":15093,"href":"https:\/\/muzeum.ostroleka.pl\/index.php?rest_route=\/wp\/v2\/posts\/15091\/revisions\/15093"}],"wp:featuredmedia":[{"embeddable":true,"href":"https:\/\/muzeum.ostroleka.pl\/index.php?rest_route=\/wp\/v2\/media\/15039"}],"wp:attachment":[{"href":"https:\/\/muzeum.ostroleka.pl\/index.php?rest_route=%2Fwp%2Fv2%2Fmedia&parent=15091"}],"wp:term":[{"taxonomy":"category","embeddable":true,"href":"https:\/\/muzeum.ostroleka.pl\/index.php?rest_route=%2Fwp%2Fv2%2Fcategories&post=15091"},{"taxonomy":"post_tag","embeddable":true,"href":"https:\/\/muzeum.ostroleka.pl\/index.php?rest_route=%2Fwp%2Fv2%2Ftags&post=15091"}],"curies":[{"name":"wp","href":"https:\/\/api.w.org\/{rel}","templated":true}]}}