{"id":15163,"date":"2024-01-05T13:40:14","date_gmt":"2024-01-05T12:40:14","guid":{"rendered":"https:\/\/muzeum.ostroleka.pl\/?p=15163"},"modified":"2024-02-26T12:56:43","modified_gmt":"2024-02-26T11:56:43","slug":"program-kulturalna-szkola-na-mazowszu-zostal-przedluzony-do-konca-2024-roku","status":"publish","type":"post","link":"https:\/\/muzeum.ostroleka.pl\/?p=15163","title":{"rendered":"Program \u201eKulturalna szko\u0142a na Mazowszu\u201d zosta\u0142 przed\u0142u\u017cony do ko\u0144ca 2024 roku"},"content":{"rendered":"<p style=\"text-align: justify;\">Mi\u0142o nam poinformowa\u0107, \u017ce program \u201eKulturalna szko\u0142a na Mazowszu\u201d uchwa\u0142\u0105 Zarz\u0105du Wojew\u00f3dztwa Mazowieckiego zosta\u0142 przed\u0142u\u017cony do 31 grudnia 2024 roku. Program kierowany jest do grup szkolnych, w tym dzieci ucz\u0119szczaj\u0105cych do tzw. \u201ezer\u00f3wki\u201d.<\/p>\n<p style=\"text-align: justify;\">W ramach programu w dniach od 1 stycznia 2024 r. do 31 grudnia 2024 r. zorganizowane grupy szkolne z terenu wojew\u00f3dztwa mazowieckiego mog\u0105 skorzysta\u0107 z naszej oferty wystaw oraz lekcji muzealnych za jedyne 1 z\u0142 brutto od osoby. Warunkiem uczestnictwa w programie jest z\u0142o\u017cenie zaakceptowanego przez Dyrektora szko\u0142y lub jego Zast\u0119pc\u0119, zg\u0142oszenia na skorzystanie z oferty kulturalnej. Kart\u0119 zg\u0142oszenia szko\u0142y do programu, zgodnie z nowym wzorem, nale\u017cy wys\u0142a\u0107 do Muzeum Kultury Kurpiowskiej w Ostro\u0142\u0119ce w formie papierowej i\/lub elektronicznej.<\/p>\n<p>&nbsp;<\/p>\n<p>Karta zg\u0142oszenia szko\u0142y do programu: <a href=\"https:\/\/muzeum.ostroleka.pl\/wp-content\/uploads\/2024\/01\/zalacznik_nr_2_do-zalacznika_zgloszenie_szkoly_do_programu.docx\">pobierz<\/a><br \/>\nProgram \u201eKulturalna szko\u0142a na Mazowszu\u201d: <a href=\"https:\/\/muzeum.ostroleka.pl\/wp-content\/uploads\/2024\/01\/Zalacznik-do-uchwaly-uchwaly-Program-2024.docx\">pobierz<\/a><\/p>\n<p>&nbsp;<\/p>\n<p>Uwaga!<br \/>\nPrzed wype\u0142nieniem formularza nale\u017cy uzgodni\u0107 z Dzia\u0142em Edukacji i Promocji MKK termin i cel wizyty (zwiedzanie i\/lub lekcja i\/lub warsztaty). Pracownicy dzia\u0142u s\u0105 do Pa\u0144stwa dyspozycji od poniedzia\u0142ku do pi\u0105tku w godz. 8.00\u201316.00 pod numerem tel. 29 764 54 43 wew. 43.<\/p>\n<p>Wype\u0142niony formularz nale\u017cy przes\u0142a\u0107 na adres Muzeum Kultury Kurpiowskiej w Ostro\u0142\u0119ce, plac gen. J. Bema 8, 07-410 Ostro\u0142\u0119ka lub na adres e-mail: <a href=\"mailto:edukacja@muzeum.ostroleka.pl\">edukacja@muzeum.ostroleka.pl<\/a><\/p>\n<p>&nbsp;<\/p>\n<p>Oficjalny komunikat: <a href=\"https:\/\/mazovia.pl\/pl\/bip\/zalatw-sprawe\/kultura-i-turystyka\/kultura\/kulturalna-szkola-na-mazowszu\/program-kulturalna-szkola-na-mazowszu-w-2024-r.html\">https:\/\/mazovia.pl\/pl\/bip\/zalatw-sprawe\/kultura-i-turystyka\/kultura\/kulturalna-szkola-na-mazowszu\/program-kulturalna-szkola-na-mazowszu-w-2024-r.html<\/a><\/p>\n","protected":false},"excerpt":{"rendered":"<p>Mi\u0142o nam poinformowa\u0107, \u017ce program \u201eKulturalna szko\u0142a na Mazowszu\u201d uchwa\u0142\u0105 Zarz\u0105du Wojew\u00f3dztwa Mazowieckiego zosta\u0142 przed\u0142u\u017cony do 31 grudnia 2024 roku. Program kierowany jest do grup szkolnych, w tym dzieci ucz\u0119szczaj\u0105cych do tzw. \u201ezer\u00f3wki\u201d. W ramach programu w dniach od 1 stycznia 2024 r. do 31 grudnia 2024 r. zorganizowane grupy szkolne z terenu wojew\u00f3dztwa mazowieckiego [&hellip;]<\/p>\n","protected":false},"author":3,"featured_media":12476,"comment_status":"closed","ping_status":"closed","sticky":false,"template":"","format":"standard","meta":{"_acf_changed":false,"_lmt_disableupdate":"","_lmt_disable":"","_monsterinsights_skip_tracking":false,"_monsterinsights_sitenote_active":false,"_monsterinsights_sitenote_note":"","_monsterinsights_sitenote_category":0,"ngg_post_thumbnail":0,"footnotes":""},"categories":[3],"tags":[],"class_list":["post-15163","post","type-post","status-publish","format-standard","has-post-thumbnail","hentry","category-aktualnosci"],"acf":[],"modified_by":"Daniel Go\u0142a\u015b","_links":{"self":[{"href":"https:\/\/muzeum.ostroleka.pl\/index.php?rest_route=\/wp\/v2\/posts\/15163","targetHints":{"allow":["GET"]}}],"collection":[{"href":"https:\/\/muzeum.ostroleka.pl\/index.php?rest_route=\/wp\/v2\/posts"}],"about":[{"href":"https:\/\/muzeum.ostroleka.pl\/index.php?rest_route=\/wp\/v2\/types\/post"}],"author":[{"embeddable":true,"href":"https:\/\/muzeum.ostroleka.pl\/index.php?rest_route=\/wp\/v2\/users\/3"}],"replies":[{"embeddable":true,"href":"https:\/\/muzeum.ostroleka.pl\/index.php?rest_route=%2Fwp%2Fv2%2Fcomments&post=15163"}],"version-history":[{"count":8,"href":"https:\/\/muzeum.ostroleka.pl\/index.php?rest_route=\/wp\/v2\/posts\/15163\/revisions"}],"predecessor-version":[{"id":15654,"href":"https:\/\/muzeum.ostroleka.pl\/index.php?rest_route=\/wp\/v2\/posts\/15163\/revisions\/15654"}],"wp:featuredmedia":[{"embeddable":true,"href":"https:\/\/muzeum.ostroleka.pl\/index.php?rest_route=\/wp\/v2\/media\/12476"}],"wp:attachment":[{"href":"https:\/\/muzeum.ostroleka.pl\/index.php?rest_route=%2Fwp%2Fv2%2Fmedia&parent=15163"}],"wp:term":[{"taxonomy":"category","embeddable":true,"href":"https:\/\/muzeum.ostroleka.pl\/index.php?rest_route=%2Fwp%2Fv2%2Fcategories&post=15163"},{"taxonomy":"post_tag","embeddable":true,"href":"https:\/\/muzeum.ostroleka.pl\/index.php?rest_route=%2Fwp%2Fv2%2Ftags&post=15163"}],"curies":[{"name":"wp","href":"https:\/\/api.w.org\/{rel}","templated":true}]}}