{"id":1527,"date":"2019-10-03T12:53:46","date_gmt":"2019-10-03T11:53:46","guid":{"rendered":"http:\/\/muzeum.ostroleka.pl\/?p=1527"},"modified":"2020-01-13T14:07:55","modified_gmt":"2020-01-13T13:07:55","slug":"wystawa-skarby-wiekow-srednich","status":"publish","type":"post","link":"https:\/\/muzeum.ostroleka.pl\/?p=1527","title":{"rendered":"Wystawa &#8222;Skarby wiek\u00f3w \u015brednich&#8221;"},"content":{"rendered":"<div class=\"leadArticle\">\n<p>Zabytki znajduj\u0105ce si\u0119 na wystawie s\u0105 najcenniejszymi eksponatami z kolekcji Pa\u0144stwowego Muzeum Archeologicznego w Warszawie. Prezentuj\u0105 r\u00f3\u017cnorodno\u015b\u0107 styl\u00f3w zdobniczych i&nbsp;typ\u00f3w bi\u017cuterii u\u017cywanej we wczesnym \u015bredniowieczu.<\/p>\n<\/div>\n<p>Na wystawie znalaz\u0142y si\u0119 zar\u00f3wno proste wyroby jubilerskie wykonane z br\u0105zu, jak i wyszukane przedmioty ze&nbsp;srebra i z\u0142ota noszone jako symbole w\u0142adzy i&nbsp;statusu spo\u0142ecznego. Niejednokrotnie s\u0105 to&nbsp;unikalne wyroby o&nbsp;ogromnej warto\u015bci historycznej, ukazuj\u0105ce niezwyk\u0142y kunszt wczesno\u015bredniowiecznych rzemie\u015blnik\u00f3w. Na ekspozycji podziwia\u0107 mo\u017cna r\u00f3\u017cne rodzaje pier\u015bcionk\u00f3w, bransolet i&nbsp;naszyjnik\u00f3w, kolie paciork\u00f3w, misternie zdobione zausznice oraz bardzo popularne w&nbsp;wiekach \u015brednich kab\u0142\u0105czki skroniowe, kt\u00f3re kobiety mocowa\u0142y do&nbsp;nakry\u0107 g\u0142owy. Odnale\u017a\u0107 mo\u017cna rozmaitego kszta\u0142tu zawieszki od kolistych i&nbsp;p\u00f3\u0142ksi\u0119\u017cycowatych po krzy\u017cyki i&nbsp;enkolpiony (krzy\u017ce relikwiarzowe), dzwoneczki i&nbsp;miniaturowe toporki. Asortyment bi\u017cuterii uzupe\u0142niaj\u0105 ozdobne sprz\u0105czki do pas\u00f3w oraz zapinki, kt\u00f3re pe\u0142ni\u0142y funkcj\u0119 agraf i&nbsp;s\u0142u\u017cy\u0142y do&nbsp;spinania okry\u0107 wierzchnich. Na ekspozycji osobne miejsce po\u015bwi\u0119cone jest doskonale zachowanym ozdobom, kt\u00f3re wchodzi\u0142y w&nbsp;sk\u0142ad skarbu odkrytego w miejscowo\u015bci Borucin. Ozdoby pochodz\u0105 z&nbsp;archeologicznych odkry\u0107 dokonanych w ci\u0105gu ostatniego stulecia na&nbsp;cmentarzyskach, grodziskach i&nbsp;w&nbsp;skarbach. Zosta\u0142y znalezione w Polsce, na Bia\u0142orusi i&nbsp;Ukrainie.<\/p>\n<p>Wystawa b\u0119dzie prezentowana w terminie 20.09.2019-12.01.2020.<\/p>\n<p>&nbsp;<\/p>\n<p>Scenariusz wystawy: Andrzej Piotrowski, Magdalena Ruszkowska<\/p>\n<p>Wsp\u00f3\u0142praca: Adam Kuchta, Urszula Szewczuk<\/p>\n<p>Kurator wystawy: Magdalena Ruszkowska<\/p>\n<p>Kurator z ramienia MKK: Gra\u017cyna Talarek<\/p>\n<p>Konsultacja merytoryczna: Hanna K\u00f3\u010dka-Krenz<\/p>\n<p>Kurator techniczny: Roman Chojnowski<\/p>\n<p>T\u0142umaczenie: Anna Kinecka<\/p>\n<p>Aran\u017cacja plastyczna: Roman Chojnowski, Jowita Kiepas<\/p>\n<p>Fotografie: Roman Sofu\u0142<\/p>\n<p>Teksty: Joanna Cicho\u0144ska, Andrzej Piotrowski, Magdalena Ruszkowska<\/p>\n<p>&nbsp;<\/p>\nngg_shortcode_0_placeholder\n","protected":false},"excerpt":{"rendered":"<p>Zabytki znajduj\u0105ce si\u0119 na wystawie s\u0105 najcenniejszymi eksponatami z kolekcji Pa\u0144stwowego Muzeum Archeologicznego w Warszawie. Prezentuj\u0105 r\u00f3\u017cnorodno\u015b\u0107 styl\u00f3w zdobniczych i&nbsp;typ\u00f3w bi\u017cuterii u\u017cywanej we wczesnym \u015bredniowieczu. Na wystawie znalaz\u0142y si\u0119 zar\u00f3wno proste wyroby jubilerskie wykonane z br\u0105zu, jak i wyszukane przedmioty ze&nbsp;srebra i z\u0142ota noszone jako symbole w\u0142adzy i&nbsp;statusu spo\u0142ecznego. Niejednokrotnie s\u0105 to&nbsp;unikalne wyroby o&nbsp;ogromnej warto\u015bci [&hellip;]<\/p>\n","protected":false},"author":1,"featured_media":1725,"comment_status":"open","ping_status":"open","sticky":false,"template":"","format":"standard","meta":{"_acf_changed":false,"_lmt_disableupdate":"","_lmt_disable":"","_monsterinsights_skip_tracking":false,"_monsterinsights_sitenote_active":false,"_monsterinsights_sitenote_note":"","_monsterinsights_sitenote_category":0,"ngg_post_thumbnail":0,"footnotes":""},"categories":[53],"tags":[],"class_list":["post-1527","post","type-post","status-publish","format-standard","has-post-thumbnail","hentry","category-wystawy-czasowe-archiwalne"],"acf":[],"modified_by":"Daniel Go\u0142a\u015b","_links":{"self":[{"href":"https:\/\/muzeum.ostroleka.pl\/index.php?rest_route=\/wp\/v2\/posts\/1527","targetHints":{"allow":["GET"]}}],"collection":[{"href":"https:\/\/muzeum.ostroleka.pl\/index.php?rest_route=\/wp\/v2\/posts"}],"about":[{"href":"https:\/\/muzeum.ostroleka.pl\/index.php?rest_route=\/wp\/v2\/types\/post"}],"author":[{"embeddable":true,"href":"https:\/\/muzeum.ostroleka.pl\/index.php?rest_route=\/wp\/v2\/users\/1"}],"replies":[{"embeddable":true,"href":"https:\/\/muzeum.ostroleka.pl\/index.php?rest_route=%2Fwp%2Fv2%2Fcomments&post=1527"}],"version-history":[{"count":5,"href":"https:\/\/muzeum.ostroleka.pl\/index.php?rest_route=\/wp\/v2\/posts\/1527\/revisions"}],"predecessor-version":[{"id":1711,"href":"https:\/\/muzeum.ostroleka.pl\/index.php?rest_route=\/wp\/v2\/posts\/1527\/revisions\/1711"}],"wp:featuredmedia":[{"embeddable":true,"href":"https:\/\/muzeum.ostroleka.pl\/index.php?rest_route=\/wp\/v2\/media\/1725"}],"wp:attachment":[{"href":"https:\/\/muzeum.ostroleka.pl\/index.php?rest_route=%2Fwp%2Fv2%2Fmedia&parent=1527"}],"wp:term":[{"taxonomy":"category","embeddable":true,"href":"https:\/\/muzeum.ostroleka.pl\/index.php?rest_route=%2Fwp%2Fv2%2Fcategories&post=1527"},{"taxonomy":"post_tag","embeddable":true,"href":"https:\/\/muzeum.ostroleka.pl\/index.php?rest_route=%2Fwp%2Fv2%2Ftags&post=1527"}],"curies":[{"name":"wp","href":"https:\/\/api.w.org\/{rel}","templated":true}]}}