{"id":15500,"date":"2024-01-30T12:44:00","date_gmt":"2024-01-30T11:44:00","guid":{"rendered":"https:\/\/muzeum.ostroleka.pl\/?p=15500"},"modified":"2024-01-30T13:13:47","modified_gmt":"2024-01-30T12:13:47","slug":"stworzenie-otwartych-danych-wraz-z-budowa-zaplecza-techniczno-technologiczno-koordynacyjnego-dla-samorzadow-terytorialnych-wojewodztwa-mazowieckiego","status":"publish","type":"post","link":"https:\/\/muzeum.ostroleka.pl\/?p=15500","title":{"rendered":"\u201eStworzenie otwartych danych wraz z budow\u0105 zaplecza techniczno-technologiczno-koordynacyjnego dla samorz\u0105d\u00f3w terytorialnych wojew\u00f3dztwa mazowieckiego\u201d"},"content":{"rendered":"<p>Sfinansowano w ramach reakcji Unii na pandemi\u0119 COVID-19.<\/p>\n<p>Muzeum Kultury Kurpiowskiej w Ostro\u0142\u0119ce bra\u0142o udzia\u0142 w projekcie <a href=\"https:\/\/geodezja.mazovia.pl\/projekty\/sod\/sod-stworzenie-otwartych-danych.html\">\u201eStworzenie otwartych danych wraz z budow\u0105 zaplecza techniczno-technologiczno-koordynacyjnego dla samorz\u0105d\u00f3w terytorialnych wojew\u00f3dztwa mazowieckiego\u201d<\/a>.<\/p>\n<p>Cel strategiczny projektu: Budowa spo\u0142ecze\u0144stwa informacyjnego przez udost\u0119pnianie otwartych tre\u015bci w postaci zdigitalizowanych danych zbior\u00f3w muzealnych i scyfryzowanych danych geodezyjnych, technologii informacyjnych i komunikacyjnych.<\/p>\n<p><img loading=\"lazy\" decoding=\"async\" class=\"alignleft size-full wp-image-15502\" src=\"http:\/\/muzeum.ostroleka.pl\/wp-content\/uploads\/2024\/01\/34556544567320254550215601465052562.jpg\" alt=\"\" width=\"1200\" height=\"131\" srcset=\"https:\/\/muzeum.ostroleka.pl\/wp-content\/uploads\/2024\/01\/34556544567320254550215601465052562.jpg 1200w, https:\/\/muzeum.ostroleka.pl\/wp-content\/uploads\/2024\/01\/34556544567320254550215601465052562-300x33.jpg 300w, https:\/\/muzeum.ostroleka.pl\/wp-content\/uploads\/2024\/01\/34556544567320254550215601465052562-1024x112.jpg 1024w, https:\/\/muzeum.ostroleka.pl\/wp-content\/uploads\/2024\/01\/34556544567320254550215601465052562-768x84.jpg 768w, https:\/\/muzeum.ostroleka.pl\/wp-content\/uploads\/2024\/01\/34556544567320254550215601465052562-500x55.jpg 500w\" sizes=\"auto, (max-width: 1200px) 100vw, 1200px\" \/><\/p>\n<p>&nbsp;<\/p>\n","protected":false},"excerpt":{"rendered":"<p>Sfinansowano w ramach reakcji Unii na pandemi\u0119 COVID-19. Muzeum Kultury Kurpiowskiej w Ostro\u0142\u0119ce bra\u0142o udzia\u0142 w projekcie \u201eStworzenie otwartych danych wraz z budow\u0105 zaplecza techniczno-technologiczno-koordynacyjnego dla samorz\u0105d\u00f3w terytorialnych wojew\u00f3dztwa mazowieckiego\u201d. Cel strategiczny projektu: Budowa spo\u0142ecze\u0144stwa informacyjnego przez udost\u0119pnianie otwartych tre\u015bci w postaci zdigitalizowanych danych zbior\u00f3w muzealnych i scyfryzowanych danych geodezyjnych, technologii informacyjnych i komunikacyjnych. &nbsp;<\/p>\n","protected":false},"author":3,"featured_media":15490,"comment_status":"closed","ping_status":"closed","sticky":false,"template":"","format":"standard","meta":{"_acf_changed":false,"_lmt_disableupdate":"","_lmt_disable":"","_monsterinsights_skip_tracking":false,"_monsterinsights_sitenote_active":false,"_monsterinsights_sitenote_note":"","_monsterinsights_sitenote_category":0,"ngg_post_thumbnail":0,"footnotes":""},"categories":[9],"tags":[],"class_list":["post-15500","post","type-post","status-publish","format-standard","has-post-thumbnail","hentry","category-inwestycje"],"acf":[],"modified_by":"Daniel Go\u0142a\u015b","_links":{"self":[{"href":"https:\/\/muzeum.ostroleka.pl\/index.php?rest_route=\/wp\/v2\/posts\/15500","targetHints":{"allow":["GET"]}}],"collection":[{"href":"https:\/\/muzeum.ostroleka.pl\/index.php?rest_route=\/wp\/v2\/posts"}],"about":[{"href":"https:\/\/muzeum.ostroleka.pl\/index.php?rest_route=\/wp\/v2\/types\/post"}],"author":[{"embeddable":true,"href":"https:\/\/muzeum.ostroleka.pl\/index.php?rest_route=\/wp\/v2\/users\/3"}],"replies":[{"embeddable":true,"href":"https:\/\/muzeum.ostroleka.pl\/index.php?rest_route=%2Fwp%2Fv2%2Fcomments&post=15500"}],"version-history":[{"count":2,"href":"https:\/\/muzeum.ostroleka.pl\/index.php?rest_route=\/wp\/v2\/posts\/15500\/revisions"}],"predecessor-version":[{"id":15503,"href":"https:\/\/muzeum.ostroleka.pl\/index.php?rest_route=\/wp\/v2\/posts\/15500\/revisions\/15503"}],"wp:featuredmedia":[{"embeddable":true,"href":"https:\/\/muzeum.ostroleka.pl\/index.php?rest_route=\/wp\/v2\/media\/15490"}],"wp:attachment":[{"href":"https:\/\/muzeum.ostroleka.pl\/index.php?rest_route=%2Fwp%2Fv2%2Fmedia&parent=15500"}],"wp:term":[{"taxonomy":"category","embeddable":true,"href":"https:\/\/muzeum.ostroleka.pl\/index.php?rest_route=%2Fwp%2Fv2%2Fcategories&post=15500"},{"taxonomy":"post_tag","embeddable":true,"href":"https:\/\/muzeum.ostroleka.pl\/index.php?rest_route=%2Fwp%2Fv2%2Ftags&post=15500"}],"curies":[{"name":"wp","href":"https:\/\/api.w.org\/{rel}","templated":true}]}}